{"id":503,"date":"2014-02-22T21:40:35","date_gmt":"2014-02-22T19:40:35","guid":{"rendered":"http:\/\/danischreiner.de\/?p=503"},"modified":"2014-09-11T18:38:24","modified_gmt":"2014-09-11T16:38:24","slug":"soelden","status":"publish","type":"post","link":"https:\/\/danischreiner.de\/?p=503","title":{"rendered":"Soelden"},"content":{"rendered":"<p>Nach einer guten Wetterprognose und ein bisschen Neuschnee ging es spontan f\u00fcr ein paar Tage nach S\u00f6lden ins \u00d6tztal. Wenig Leute unterwegs, gutes Wetter und einige Freerideturns machten das Wochenende einmalig.<\/p>\n<p>Die Nacht wurde nat\u00fcrlich auch nicht ausgelassen \ud83d\ude42<\/p>\n<p>&nbsp;<\/p>\n<p><img loading=\"lazy\" decoding=\"async\" class=\"aligncenter size-full wp-image-504\" src=\"https:\/\/danischreiner.de\/wp-content\/uploads\/2014\/08\/Dani-hike.jpg\" alt=\"Dani hike\" width=\"800\" height=\"533\" srcset=\"https:\/\/danischreiner.de\/wp-content\/uploads\/2014\/08\/Dani-hike.jpg 800w, https:\/\/danischreiner.de\/wp-content\/uploads\/2014\/08\/Dani-hike-300x199.jpg 300w\" sizes=\"auto, (max-width: 800px) 100vw, 800px\" \/><\/p>\n<p>&nbsp;<\/p>\n<p><a href=\"https:\/\/danischreiner.de\/wp-content\/uploads\/2014\/08\/Dani-Shifty.jpg\"><img loading=\"lazy\" decoding=\"async\" class=\"aligncenter size-full wp-image-505\" src=\"https:\/\/danischreiner.de\/wp-content\/uploads\/2014\/08\/Dani-Shifty.jpg\" alt=\"Dani Shifty\" width=\"800\" height=\"533\" srcset=\"https:\/\/danischreiner.de\/wp-content\/uploads\/2014\/08\/Dani-Shifty.jpg 800w, https:\/\/danischreiner.de\/wp-content\/uploads\/2014\/08\/Dani-Shifty-300x199.jpg 300w\" sizes=\"auto, (max-width: 800px) 100vw, 800px\" \/><\/a><\/p>\n<p>&nbsp;<\/p>\n<p><a href=\"https:\/\/danischreiner.de\/wp-content\/uploads\/2014\/08\/01-Touran-Langzeitbelichtung-web.jpg\"><img loading=\"lazy\" decoding=\"async\" class=\"aligncenter size-full wp-image-506\" src=\"https:\/\/danischreiner.de\/wp-content\/uploads\/2014\/08\/01-Touran-Langzeitbelichtung-web.jpg\" alt=\"01-Touran-Langzeitbelichtung-web\" width=\"800\" height=\"533\" srcset=\"https:\/\/danischreiner.de\/wp-content\/uploads\/2014\/08\/01-Touran-Langzeitbelichtung-web.jpg 800w, https:\/\/danischreiner.de\/wp-content\/uploads\/2014\/08\/01-Touran-Langzeitbelichtung-web-300x199.jpg 300w\" sizes=\"auto, (max-width: 800px) 100vw, 800px\" \/><\/a><\/p>\n<p>&nbsp;<\/p>\n<p><a href=\"https:\/\/danischreiner.de\/wp-content\/uploads\/2014\/08\/02-Langzeitbelichtung-Berg-web.jpg\"><img loading=\"lazy\" decoding=\"async\" class=\"aligncenter size-full wp-image-507\" src=\"https:\/\/danischreiner.de\/wp-content\/uploads\/2014\/08\/02-Langzeitbelichtung-Berg-web.jpg\" alt=\"02-Langzeitbelichtung-Berg-web\" width=\"800\" height=\"533\" srcset=\"https:\/\/danischreiner.de\/wp-content\/uploads\/2014\/08\/02-Langzeitbelichtung-Berg-web.jpg 800w, https:\/\/danischreiner.de\/wp-content\/uploads\/2014\/08\/02-Langzeitbelichtung-Berg-web-300x199.jpg 300w\" sizes=\"auto, (max-width: 800px) 100vw, 800px\" \/><\/a><\/p>\n<p>&nbsp;<\/p>\n<p><a href=\"https:\/\/danischreiner.de\/wp-content\/uploads\/2014\/08\/03-Langzeitbelichtung-S\u00f6lden-web.jpg\"><img loading=\"lazy\" decoding=\"async\" class=\"aligncenter size-full wp-image-508\" src=\"https:\/\/danischreiner.de\/wp-content\/uploads\/2014\/08\/03-Langzeitbelichtung-S\u00f6lden-web.jpg\" alt=\"03-Langzeitbelichtung-S\u00f6lden-web\" width=\"800\" height=\"533\" srcset=\"https:\/\/danischreiner.de\/wp-content\/uploads\/2014\/08\/03-Langzeitbelichtung-S\u00f6lden-web.jpg 800w, https:\/\/danischreiner.de\/wp-content\/uploads\/2014\/08\/03-Langzeitbelichtung-S\u00f6lden-web-300x199.jpg 300w\" sizes=\"auto, (max-width: 800px) 100vw, 800px\" \/><\/a><\/p>\n<p>&nbsp;<\/p>\n<p><iframe loading=\"lazy\" src=\"\/\/player.vimeo.com\/video\/88537172\" width=\"500\" height=\"281\" frameborder=\"0\" allowfullscreen=\"allowfullscreen\"><\/iframe><\/p>\n<p><a href=\"http:\/\/vimeo.com\/88537172\">Thrashedit 2014<\/a> from <a href=\"http:\/\/vimeo.com\/user785334\">Daniel Schreiner<\/a> on <a href=\"https:\/\/vimeo.com\">Vimeo<\/a>.<\/p>\n","protected":false},"excerpt":{"rendered":"<p>Nach einer guten Wetterprognose und ein bisschen Neuschnee ging es spontan f\u00fcr ein paar Tage nach S\u00f6lden ins \u00d6tztal. Wenig Leute unterwegs, gutes Wetter und einige Freerideturns machten das Wochenende<\/p>\n<p class=\"more-link\"><a href=\"https:\/\/danischreiner.de\/?p=503\" class=\"readmore\">Continue reading&#8230;<span class=\"screen-reader-text\">Soelden<\/span><\/a><\/p>\n","protected":false},"author":1,"featured_media":0,"comment_status":"open","ping_status":"open","sticky":false,"template":"","format":"standard","meta":{"footnotes":""},"categories":[1],"tags":[],"class_list":["post-503","post","type-post","status-publish","format-standard","hentry","category-allgemein"],"_links":{"self":[{"href":"https:\/\/danischreiner.de\/index.php?rest_route=\/wp\/v2\/posts\/503","targetHints":{"allow":["GET"]}}],"collection":[{"href":"https:\/\/danischreiner.de\/index.php?rest_route=\/wp\/v2\/posts"}],"about":[{"href":"https:\/\/danischreiner.de\/index.php?rest_route=\/wp\/v2\/types\/post"}],"author":[{"embeddable":true,"href":"https:\/\/danischreiner.de\/index.php?rest_route=\/wp\/v2\/users\/1"}],"replies":[{"embeddable":true,"href":"https:\/\/danischreiner.de\/index.php?rest_route=%2Fwp%2Fv2%2Fcomments&post=503"}],"version-history":[{"count":4,"href":"https:\/\/danischreiner.de\/index.php?rest_route=\/wp\/v2\/posts\/503\/revisions"}],"predecessor-version":[{"id":678,"href":"https:\/\/danischreiner.de\/index.php?rest_route=\/wp\/v2\/posts\/503\/revisions\/678"}],"wp:attachment":[{"href":"https:\/\/danischreiner.de\/index.php?rest_route=%2Fwp%2Fv2%2Fmedia&parent=503"}],"wp:term":[{"taxonomy":"category","embeddable":true,"href":"https:\/\/danischreiner.de\/index.php?rest_route=%2Fwp%2Fv2%2Fcategories&post=503"},{"taxonomy":"post_tag","embeddable":true,"href":"https:\/\/danischreiner.de\/index.php?rest_route=%2Fwp%2Fv2%2Ftags&post=503"}],"curies":[{"name":"wp","href":"https:\/\/api.w.org\/{rel}","templated":true}]}}