{"id":3099,"date":"2019-06-16T19:31:35","date_gmt":"2019-06-16T17:31:35","guid":{"rendered":"https:\/\/danischreiner.de\/?p=3099"},"modified":"2020-11-01T16:19:08","modified_gmt":"2020-11-01T14:19:08","slug":"brueggler-2019-alpine-luft-zu-pfingsten","status":"publish","type":"post","link":"https:\/\/danischreiner.de\/?p=3099","title":{"rendered":"Brueggler 2019 &#8211; Alpine Luft zu Pfingsten"},"content":{"rendered":"<p>Gr\u00fcezi mol elle zamma,<\/p>\n<p>an Pfingsten stand ein l\u00e4ngst \u00fcberf\u00e4lliges get together mit meinem Compadre Ralph und seinem Sohnemann (<a href=\"http:\/\/www.keepclimbing.de\" target=\"_blank\" rel=\"noopener noreferrer\">keepclimbing.de<\/a>) an. Nach einem relaxten Tag mit Bier, Alpenpanorama und gegrilltem, konnte ich mich mental in Br\u00fcgglerlaune versetzen.<\/p>\n<p>Am Tag drauf reisten dann Jens und Jonas aus Deutschland nach und haben zu dritt noch die l\u00e4ngst ausstehende Tante Ju 6b, mit klassisch Risseinstieg, geklettert. Trotz wechselndem Wetter ein paar geniale Tage in der Schweiz.<\/p>\n<p>Ciao Daniele<\/p>\n<div data-carousel-extra='{\"blog_id\":1,\"permalink\":\"https:\\\/\\\/danischreiner.de\\\/?p=3099\"}' class=\"tiled-gallery type-rectangular\" data-original-width=\"920\"><div class=\"gallery-row\" style=\"width: 915px; height: 404px;\"><div class=\"gallery-group images-1\" style=\"width: 611px; height: 408px;\"><div class=\"tiled-gallery-item tiled-gallery-item-full\"><a href=\"https:\/\/danischreiner.de\/?attachment_id=3153\"><img loading=\"lazy\" decoding=\"async\" data-attachment-id=\"3153\" data-orig-file=\"https:\/\/danischreiner.de\/wp-content\/uploads\/2019\/06\/53-Brueggler-Schweiz-2019-Web.jpg\" data-orig-size=\"1920,1280\" data-comments-opened=\"1\" data-image-meta=\"{&quot;aperture&quot;:&quot;0&quot;,&quot;credit&quot;:&quot;&quot;,&quot;camera&quot;:&quot;&quot;,&quot;caption&quot;:&quot;&quot;,&quot;created_timestamp&quot;:&quot;0&quot;,&quot;copyright&quot;:&quot;&quot;,&quot;focal_length&quot;:&quot;0&quot;,&quot;iso&quot;:&quot;0&quot;,&quot;shutter_speed&quot;:&quot;0&quot;,&quot;title&quot;:&quot;&quot;,&quot;orientation&quot;:&quot;0&quot;,&quot;info&quot;:&quot;&quot;}\" data-image-title=\"53 Brueggler Schweiz 2019 Web\" data-image-description=\"\" data-medium-file=\"https:\/\/danischreiner.de\/wp-content\/uploads\/2019\/06\/53-Brueggler-Schweiz-2019-Web-300x200.jpg\" data-large-file=\"https:\/\/danischreiner.de\/wp-content\/uploads\/2019\/06\/53-Brueggler-Schweiz-2019-Web-1024x683.jpg\" src=\"https:\/\/danischreiner.de\/wp-content\/uploads\/2019\/06\/53-Brueggler-Schweiz-2019-Web.jpg\" width=\"607\" height=\"404\" align=\"left\" title=\"53 Brueggler Schweiz 2019 Web\" \/><\/a><\/div><\/div><div class=\"gallery-group images-2\" style=\"width: 304px; height: 408px;\"><div class=\"tiled-gallery-item tiled-gallery-item-full\"><a href=\"https:\/\/danischreiner.de\/?attachment_id=3152\"><img loading=\"lazy\" decoding=\"async\" data-attachment-id=\"3152\" data-orig-file=\"https:\/\/danischreiner.de\/wp-content\/uploads\/2019\/06\/52-Brueggler-Schweiz-2019-Web.jpg\" data-orig-size=\"1920,1280\" data-comments-opened=\"1\" data-image-meta=\"{&quot;aperture&quot;:&quot;0&quot;,&quot;credit&quot;:&quot;&quot;,&quot;camera&quot;:&quot;&quot;,&quot;caption&quot;:&quot;&quot;,&quot;created_timestamp&quot;:&quot;0&quot;,&quot;copyright&quot;:&quot;&quot;,&quot;focal_length&quot;:&quot;0&quot;,&quot;iso&quot;:&quot;0&quot;,&quot;shutter_speed&quot;:&quot;0&quot;,&quot;title&quot;:&quot;&quot;,&quot;orientation&quot;:&quot;0&quot;,&quot;info&quot;:&quot;&quot;}\" data-image-title=\"52 Brueggler Schweiz 2019 Web\" data-image-description=\"\" data-medium-file=\"https:\/\/danischreiner.de\/wp-content\/uploads\/2019\/06\/52-Brueggler-Schweiz-2019-Web-300x200.jpg\" data-large-file=\"https:\/\/danischreiner.de\/wp-content\/uploads\/2019\/06\/52-Brueggler-Schweiz-2019-Web-1024x683.jpg\" src=\"https:\/\/danischreiner.de\/wp-content\/uploads\/2019\/06\/52-Brueggler-Schweiz-2019-Web.jpg\" width=\"300\" height=\"200\" align=\"left\" title=\"52 Brueggler Schweiz 2019 Web\" \/><\/a><\/div><div class=\"tiled-gallery-item tiled-gallery-item-full\"><a href=\"https:\/\/danischreiner.de\/?attachment_id=3151\"><img loading=\"lazy\" decoding=\"async\" data-attachment-id=\"3151\" data-orig-file=\"https:\/\/danischreiner.de\/wp-content\/uploads\/2019\/06\/51-Brueggler-Schweiz-2019-Web.jpg\" data-orig-size=\"1920,1280\" data-comments-opened=\"1\" data-image-meta=\"{&quot;aperture&quot;:&quot;0&quot;,&quot;credit&quot;:&quot;&quot;,&quot;camera&quot;:&quot;&quot;,&quot;caption&quot;:&quot;&quot;,&quot;created_timestamp&quot;:&quot;0&quot;,&quot;copyright&quot;:&quot;&quot;,&quot;focal_length&quot;:&quot;0&quot;,&quot;iso&quot;:&quot;0&quot;,&quot;shutter_speed&quot;:&quot;0&quot;,&quot;title&quot;:&quot;&quot;,&quot;orientation&quot;:&quot;0&quot;,&quot;info&quot;:&quot;&quot;}\" data-image-title=\"51 Brueggler Schweiz 2019 Web\" data-image-description=\"\" data-medium-file=\"https:\/\/danischreiner.de\/wp-content\/uploads\/2019\/06\/51-Brueggler-Schweiz-2019-Web-300x200.jpg\" data-large-file=\"https:\/\/danischreiner.de\/wp-content\/uploads\/2019\/06\/51-Brueggler-Schweiz-2019-Web-1024x683.jpg\" src=\"https:\/\/danischreiner.de\/wp-content\/uploads\/2019\/06\/51-Brueggler-Schweiz-2019-Web.jpg\" width=\"300\" height=\"200\" align=\"left\" title=\"51 Brueggler Schweiz 2019 Web\" \/><\/a><\/div><\/div><\/div><div class=\"gallery-row\" style=\"width: 915px; height: 201px;\"><div class=\"gallery-group images-1\" style=\"width: 305px; height: 205px;\"><div class=\"tiled-gallery-item tiled-gallery-item-full\"><a href=\"https:\/\/danischreiner.de\/?attachment_id=3150\"><img loading=\"lazy\" decoding=\"async\" data-attachment-id=\"3150\" data-orig-file=\"https:\/\/danischreiner.de\/wp-content\/uploads\/2019\/06\/50-Brueggler-Schweiz-2019-Web.jpg\" data-orig-size=\"1920,1280\" data-comments-opened=\"1\" data-image-meta=\"{&quot;aperture&quot;:&quot;0&quot;,&quot;credit&quot;:&quot;&quot;,&quot;camera&quot;:&quot;&quot;,&quot;caption&quot;:&quot;&quot;,&quot;created_timestamp&quot;:&quot;0&quot;,&quot;copyright&quot;:&quot;&quot;,&quot;focal_length&quot;:&quot;0&quot;,&quot;iso&quot;:&quot;0&quot;,&quot;shutter_speed&quot;:&quot;0&quot;,&quot;title&quot;:&quot;&quot;,&quot;orientation&quot;:&quot;0&quot;,&quot;info&quot;:&quot;&quot;}\" data-image-title=\"50 Brueggler Schweiz 2019 Web\" data-image-description=\"\" data-medium-file=\"https:\/\/danischreiner.de\/wp-content\/uploads\/2019\/06\/50-Brueggler-Schweiz-2019-Web-300x200.jpg\" data-large-file=\"https:\/\/danischreiner.de\/wp-content\/uploads\/2019\/06\/50-Brueggler-Schweiz-2019-Web-1024x683.jpg\" src=\"https:\/\/danischreiner.de\/wp-content\/uploads\/2019\/06\/50-Brueggler-Schweiz-2019-Web.jpg\" width=\"301\" height=\"201\" align=\"left\" title=\"50 Brueggler Schweiz 2019 Web\" \/><\/a><\/div><\/div><div class=\"gallery-group images-1\" style=\"width: 305px; height: 205px;\"><div class=\"tiled-gallery-item tiled-gallery-item-full\"><a href=\"https:\/\/danischreiner.de\/?attachment_id=3149\"><img loading=\"lazy\" decoding=\"async\" data-attachment-id=\"3149\" data-orig-file=\"https:\/\/danischreiner.de\/wp-content\/uploads\/2019\/06\/49-Brueggler-Schweiz-2019-Web.jpg\" data-orig-size=\"1920,1280\" data-comments-opened=\"1\" data-image-meta=\"{&quot;aperture&quot;:&quot;0&quot;,&quot;credit&quot;:&quot;&quot;,&quot;camera&quot;:&quot;&quot;,&quot;caption&quot;:&quot;&quot;,&quot;created_timestamp&quot;:&quot;0&quot;,&quot;copyright&quot;:&quot;&quot;,&quot;focal_length&quot;:&quot;0&quot;,&quot;iso&quot;:&quot;0&quot;,&quot;shutter_speed&quot;:&quot;0&quot;,&quot;title&quot;:&quot;&quot;,&quot;orientation&quot;:&quot;0&quot;,&quot;info&quot;:&quot;&quot;}\" data-image-title=\"49 Brueggler Schweiz 2019 Web\" data-image-description=\"\" data-medium-file=\"https:\/\/danischreiner.de\/wp-content\/uploads\/2019\/06\/49-Brueggler-Schweiz-2019-Web-300x200.jpg\" data-large-file=\"https:\/\/danischreiner.de\/wp-content\/uploads\/2019\/06\/49-Brueggler-Schweiz-2019-Web-1024x683.jpg\" src=\"https:\/\/danischreiner.de\/wp-content\/uploads\/2019\/06\/49-Brueggler-Schweiz-2019-Web.jpg\" width=\"301\" height=\"201\" align=\"left\" title=\"49 Brueggler Schweiz 2019 Web\" \/><\/a><\/div><\/div><div class=\"gallery-group images-1\" style=\"width: 305px; height: 205px;\"><div class=\"tiled-gallery-item tiled-gallery-item-full\"><a href=\"https:\/\/danischreiner.de\/?attachment_id=3148\"><img loading=\"lazy\" decoding=\"async\" data-attachment-id=\"3148\" data-orig-file=\"https:\/\/danischreiner.de\/wp-content\/uploads\/2019\/06\/48-Brueggler-Schweiz-2019-Web.jpg\" data-orig-size=\"1920,1280\" data-comments-opened=\"1\" data-image-meta=\"{&quot;aperture&quot;:&quot;0&quot;,&quot;credit&quot;:&quot;&quot;,&quot;camera&quot;:&quot;&quot;,&quot;caption&quot;:&quot;&quot;,&quot;created_timestamp&quot;:&quot;0&quot;,&quot;copyright&quot;:&quot;&quot;,&quot;focal_length&quot;:&quot;0&quot;,&quot;iso&quot;:&quot;0&quot;,&quot;shutter_speed&quot;:&quot;0&quot;,&quot;title&quot;:&quot;&quot;,&quot;orientation&quot;:&quot;0&quot;,&quot;info&quot;:&quot;&quot;}\" data-image-title=\"48 Brueggler Schweiz 2019 Web\" data-image-description=\"\" data-medium-file=\"https:\/\/danischreiner.de\/wp-content\/uploads\/2019\/06\/48-Brueggler-Schweiz-2019-Web-300x200.jpg\" data-large-file=\"https:\/\/danischreiner.de\/wp-content\/uploads\/2019\/06\/48-Brueggler-Schweiz-2019-Web-1024x683.jpg\" src=\"https:\/\/danischreiner.de\/wp-content\/uploads\/2019\/06\/48-Brueggler-Schweiz-2019-Web.jpg\" width=\"301\" height=\"201\" align=\"left\" title=\"48 Brueggler Schweiz 2019 Web\" \/><\/a><\/div><\/div><\/div><div class=\"gallery-row\" style=\"width: 915px; height: 404px;\"><div class=\"gallery-group images-2\" style=\"width: 304px; height: 408px;\"><div class=\"tiled-gallery-item tiled-gallery-item-full\"><a href=\"https:\/\/danischreiner.de\/?attachment_id=3147\"><img loading=\"lazy\" decoding=\"async\" data-attachment-id=\"3147\" data-orig-file=\"https:\/\/danischreiner.de\/wp-content\/uploads\/2019\/06\/47-Brueggler-Schweiz-2019-Web.jpg\" data-orig-size=\"1920,1280\" data-comments-opened=\"1\" data-image-meta=\"{&quot;aperture&quot;:&quot;0&quot;,&quot;credit&quot;:&quot;&quot;,&quot;camera&quot;:&quot;&quot;,&quot;caption&quot;:&quot;&quot;,&quot;created_timestamp&quot;:&quot;0&quot;,&quot;copyright&quot;:&quot;&quot;,&quot;focal_length&quot;:&quot;0&quot;,&quot;iso&quot;:&quot;0&quot;,&quot;shutter_speed&quot;:&quot;0&quot;,&quot;title&quot;:&quot;&quot;,&quot;orientation&quot;:&quot;0&quot;,&quot;info&quot;:&quot;&quot;}\" data-image-title=\"47 Brueggler Schweiz 2019 Web\" data-image-description=\"\" data-medium-file=\"https:\/\/danischreiner.de\/wp-content\/uploads\/2019\/06\/47-Brueggler-Schweiz-2019-Web-300x200.jpg\" data-large-file=\"https:\/\/danischreiner.de\/wp-content\/uploads\/2019\/06\/47-Brueggler-Schweiz-2019-Web-1024x683.jpg\" src=\"https:\/\/danischreiner.de\/wp-content\/uploads\/2019\/06\/47-Brueggler-Schweiz-2019-Web.jpg\" width=\"300\" height=\"200\" align=\"left\" title=\"47 Brueggler Schweiz 2019 Web\" \/><\/a><\/div><div class=\"tiled-gallery-item tiled-gallery-item-full\"><a href=\"https:\/\/danischreiner.de\/?attachment_id=3146\"><img loading=\"lazy\" decoding=\"async\" data-attachment-id=\"3146\" data-orig-file=\"https:\/\/danischreiner.de\/wp-content\/uploads\/2019\/06\/46-Brueggler-Schweiz-2019-Web.jpg\" data-orig-size=\"1920,1280\" data-comments-opened=\"1\" data-image-meta=\"{&quot;aperture&quot;:&quot;0&quot;,&quot;credit&quot;:&quot;&quot;,&quot;camera&quot;:&quot;&quot;,&quot;caption&quot;:&quot;&quot;,&quot;created_timestamp&quot;:&quot;0&quot;,&quot;copyright&quot;:&quot;&quot;,&quot;focal_length&quot;:&quot;0&quot;,&quot;iso&quot;:&quot;0&quot;,&quot;shutter_speed&quot;:&quot;0&quot;,&quot;title&quot;:&quot;&quot;,&quot;orientation&quot;:&quot;0&quot;,&quot;info&quot;:&quot;&quot;}\" data-image-title=\"46 Brueggler Schweiz 2019 Web\" data-image-description=\"\" data-medium-file=\"https:\/\/danischreiner.de\/wp-content\/uploads\/2019\/06\/46-Brueggler-Schweiz-2019-Web-300x200.jpg\" data-large-file=\"https:\/\/danischreiner.de\/wp-content\/uploads\/2019\/06\/46-Brueggler-Schweiz-2019-Web-1024x683.jpg\" src=\"https:\/\/danischreiner.de\/wp-content\/uploads\/2019\/06\/46-Brueggler-Schweiz-2019-Web.jpg\" width=\"300\" height=\"200\" align=\"left\" title=\"46 Brueggler Schweiz 2019 Web\" \/><\/a><\/div><\/div><div class=\"gallery-group images-1\" style=\"width: 611px; height: 408px;\"><div class=\"tiled-gallery-item tiled-gallery-item-full\"><a href=\"https:\/\/danischreiner.de\/?attachment_id=3145\"><img loading=\"lazy\" decoding=\"async\" data-attachment-id=\"3145\" data-orig-file=\"https:\/\/danischreiner.de\/wp-content\/uploads\/2019\/06\/45-Brueggler-Schweiz-2019-Web.jpg\" data-orig-size=\"1920,1280\" data-comments-opened=\"1\" data-image-meta=\"{&quot;aperture&quot;:&quot;0&quot;,&quot;credit&quot;:&quot;&quot;,&quot;camera&quot;:&quot;&quot;,&quot;caption&quot;:&quot;&quot;,&quot;created_timestamp&quot;:&quot;0&quot;,&quot;copyright&quot;:&quot;&quot;,&quot;focal_length&quot;:&quot;0&quot;,&quot;iso&quot;:&quot;0&quot;,&quot;shutter_speed&quot;:&quot;0&quot;,&quot;title&quot;:&quot;&quot;,&quot;orientation&quot;:&quot;0&quot;,&quot;info&quot;:&quot;&quot;}\" data-image-title=\"45 Brueggler Schweiz 2019 Web\" data-image-description=\"\" data-medium-file=\"https:\/\/danischreiner.de\/wp-content\/uploads\/2019\/06\/45-Brueggler-Schweiz-2019-Web-300x200.jpg\" data-large-file=\"https:\/\/danischreiner.de\/wp-content\/uploads\/2019\/06\/45-Brueggler-Schweiz-2019-Web-1024x683.jpg\" src=\"https:\/\/danischreiner.de\/wp-content\/uploads\/2019\/06\/45-Brueggler-Schweiz-2019-Web.jpg\" width=\"607\" height=\"404\" align=\"left\" title=\"45 Brueggler Schweiz 2019 Web\" \/><\/a><\/div><\/div><\/div><div class=\"gallery-row\" style=\"width: 915px; height: 781px;\"><div class=\"gallery-group images-1\" style=\"width: 525px; height: 785px;\"><div class=\"tiled-gallery-item tiled-gallery-item-full\"><a href=\"https:\/\/danischreiner.de\/?attachment_id=3144\"><img loading=\"lazy\" decoding=\"async\" data-attachment-id=\"3144\" data-orig-file=\"https:\/\/danischreiner.de\/wp-content\/uploads\/2019\/06\/44-Brueggler-Schweiz-2019-Web.jpg\" data-orig-size=\"1280,1920\" data-comments-opened=\"1\" data-image-meta=\"{&quot;aperture&quot;:&quot;0&quot;,&quot;credit&quot;:&quot;&quot;,&quot;camera&quot;:&quot;&quot;,&quot;caption&quot;:&quot;&quot;,&quot;created_timestamp&quot;:&quot;0&quot;,&quot;copyright&quot;:&quot;&quot;,&quot;focal_length&quot;:&quot;0&quot;,&quot;iso&quot;:&quot;0&quot;,&quot;shutter_speed&quot;:&quot;0&quot;,&quot;title&quot;:&quot;&quot;,&quot;orientation&quot;:&quot;0&quot;,&quot;info&quot;:&quot;&quot;}\" data-image-title=\"44 Brueggler Schweiz 2019 Web\" data-image-description=\"\" data-medium-file=\"https:\/\/danischreiner.de\/wp-content\/uploads\/2019\/06\/44-Brueggler-Schweiz-2019-Web-200x300.jpg\" data-large-file=\"https:\/\/danischreiner.de\/wp-content\/uploads\/2019\/06\/44-Brueggler-Schweiz-2019-Web-683x1024.jpg\" src=\"https:\/\/danischreiner.de\/wp-content\/uploads\/2019\/06\/44-Brueggler-Schweiz-2019-Web.jpg\" width=\"521\" height=\"781\" align=\"left\" title=\"44 Brueggler Schweiz 2019 Web\" \/><\/a><\/div><\/div><div class=\"gallery-group images-3\" style=\"width: 390px; height: 785px;\"><div class=\"tiled-gallery-item tiled-gallery-item-full\"><a href=\"https:\/\/danischreiner.de\/?attachment_id=3143\"><img loading=\"lazy\" decoding=\"async\" data-attachment-id=\"3143\" data-orig-file=\"https:\/\/danischreiner.de\/wp-content\/uploads\/2019\/06\/43-Brueggler-Schweiz-2019-Web.jpg\" data-orig-size=\"1920,1280\" data-comments-opened=\"1\" data-image-meta=\"{&quot;aperture&quot;:&quot;0&quot;,&quot;credit&quot;:&quot;&quot;,&quot;camera&quot;:&quot;&quot;,&quot;caption&quot;:&quot;&quot;,&quot;created_timestamp&quot;:&quot;0&quot;,&quot;copyright&quot;:&quot;&quot;,&quot;focal_length&quot;:&quot;0&quot;,&quot;iso&quot;:&quot;0&quot;,&quot;shutter_speed&quot;:&quot;0&quot;,&quot;title&quot;:&quot;&quot;,&quot;orientation&quot;:&quot;0&quot;,&quot;info&quot;:&quot;&quot;}\" data-image-title=\"43 Brueggler Schweiz 2019 Web\" data-image-description=\"\" data-medium-file=\"https:\/\/danischreiner.de\/wp-content\/uploads\/2019\/06\/43-Brueggler-Schweiz-2019-Web-300x200.jpg\" data-large-file=\"https:\/\/danischreiner.de\/wp-content\/uploads\/2019\/06\/43-Brueggler-Schweiz-2019-Web-1024x683.jpg\" src=\"https:\/\/danischreiner.de\/wp-content\/uploads\/2019\/06\/43-Brueggler-Schweiz-2019-Web.jpg\" width=\"386\" height=\"258\" align=\"left\" title=\"43 Brueggler Schweiz 2019 Web\" \/><\/a><\/div><div class=\"tiled-gallery-item tiled-gallery-item-full\"><a href=\"https:\/\/danischreiner.de\/?attachment_id=3142\"><img loading=\"lazy\" decoding=\"async\" data-attachment-id=\"3142\" data-orig-file=\"https:\/\/danischreiner.de\/wp-content\/uploads\/2019\/06\/42-Brueggler-Schweiz-2019-Web.jpg\" data-orig-size=\"1920,1280\" data-comments-opened=\"1\" data-image-meta=\"{&quot;aperture&quot;:&quot;0&quot;,&quot;credit&quot;:&quot;&quot;,&quot;camera&quot;:&quot;&quot;,&quot;caption&quot;:&quot;&quot;,&quot;created_timestamp&quot;:&quot;0&quot;,&quot;copyright&quot;:&quot;&quot;,&quot;focal_length&quot;:&quot;0&quot;,&quot;iso&quot;:&quot;0&quot;,&quot;shutter_speed&quot;:&quot;0&quot;,&quot;title&quot;:&quot;&quot;,&quot;orientation&quot;:&quot;0&quot;,&quot;info&quot;:&quot;&quot;}\" data-image-title=\"42 Brueggler Schweiz 2019 Web\" data-image-description=\"\" data-medium-file=\"https:\/\/danischreiner.de\/wp-content\/uploads\/2019\/06\/42-Brueggler-Schweiz-2019-Web-300x200.jpg\" data-large-file=\"https:\/\/danischreiner.de\/wp-content\/uploads\/2019\/06\/42-Brueggler-Schweiz-2019-Web-1024x683.jpg\" src=\"https:\/\/danischreiner.de\/wp-content\/uploads\/2019\/06\/42-Brueggler-Schweiz-2019-Web.jpg\" width=\"386\" height=\"258\" align=\"left\" title=\"42 Brueggler Schweiz 2019 Web\" \/><\/a><\/div><div class=\"tiled-gallery-item tiled-gallery-item-full\"><a href=\"https:\/\/danischreiner.de\/?attachment_id=3141\"><img loading=\"lazy\" decoding=\"async\" data-attachment-id=\"3141\" data-orig-file=\"https:\/\/danischreiner.de\/wp-content\/uploads\/2019\/06\/41-Brueggler-Schweiz-2019-Web.jpg\" data-orig-size=\"1920,1280\" data-comments-opened=\"1\" data-image-meta=\"{&quot;aperture&quot;:&quot;0&quot;,&quot;credit&quot;:&quot;&quot;,&quot;camera&quot;:&quot;&quot;,&quot;caption&quot;:&quot;&quot;,&quot;created_timestamp&quot;:&quot;0&quot;,&quot;copyright&quot;:&quot;&quot;,&quot;focal_length&quot;:&quot;0&quot;,&quot;iso&quot;:&quot;0&quot;,&quot;shutter_speed&quot;:&quot;0&quot;,&quot;title&quot;:&quot;&quot;,&quot;orientation&quot;:&quot;0&quot;,&quot;info&quot;:&quot;&quot;}\" data-image-title=\"41 Brueggler Schweiz 2019 Web\" data-image-description=\"\" data-medium-file=\"https:\/\/danischreiner.de\/wp-content\/uploads\/2019\/06\/41-Brueggler-Schweiz-2019-Web-300x200.jpg\" data-large-file=\"https:\/\/danischreiner.de\/wp-content\/uploads\/2019\/06\/41-Brueggler-Schweiz-2019-Web-1024x683.jpg\" src=\"https:\/\/danischreiner.de\/wp-content\/uploads\/2019\/06\/41-Brueggler-Schweiz-2019-Web.jpg\" width=\"386\" height=\"257\" align=\"left\" title=\"41 Brueggler Schweiz 2019 Web\" \/><\/a><\/div><\/div><\/div><div class=\"gallery-row\" style=\"width: 915px; height: 404px;\"><div class=\"gallery-group images-1\" style=\"width: 611px; height: 408px;\"><div class=\"tiled-gallery-item tiled-gallery-item-full\"><a href=\"https:\/\/danischreiner.de\/?attachment_id=3140\"><img loading=\"lazy\" decoding=\"async\" data-attachment-id=\"3140\" data-orig-file=\"https:\/\/danischreiner.de\/wp-content\/uploads\/2019\/06\/40-Brueggler-Schweiz-2019-Web.jpg\" data-orig-size=\"1920,1280\" data-comments-opened=\"1\" data-image-meta=\"{&quot;aperture&quot;:&quot;0&quot;,&quot;credit&quot;:&quot;&quot;,&quot;camera&quot;:&quot;&quot;,&quot;caption&quot;:&quot;&quot;,&quot;created_timestamp&quot;:&quot;0&quot;,&quot;copyright&quot;:&quot;&quot;,&quot;focal_length&quot;:&quot;0&quot;,&quot;iso&quot;:&quot;0&quot;,&quot;shutter_speed&quot;:&quot;0&quot;,&quot;title&quot;:&quot;&quot;,&quot;orientation&quot;:&quot;0&quot;,&quot;info&quot;:&quot;&quot;}\" data-image-title=\"40 Brueggler Schweiz 2019 Web\" data-image-description=\"\" data-medium-file=\"https:\/\/danischreiner.de\/wp-content\/uploads\/2019\/06\/40-Brueggler-Schweiz-2019-Web-300x200.jpg\" data-large-file=\"https:\/\/danischreiner.de\/wp-content\/uploads\/2019\/06\/40-Brueggler-Schweiz-2019-Web-1024x683.jpg\" src=\"https:\/\/danischreiner.de\/wp-content\/uploads\/2019\/06\/40-Brueggler-Schweiz-2019-Web.jpg\" width=\"607\" height=\"404\" align=\"left\" title=\"40 Brueggler Schweiz 2019 Web\" \/><\/a><\/div><\/div><div class=\"gallery-group images-2\" style=\"width: 304px; height: 408px;\"><div class=\"tiled-gallery-item tiled-gallery-item-full\"><a href=\"https:\/\/danischreiner.de\/?attachment_id=3139\"><img loading=\"lazy\" decoding=\"async\" data-attachment-id=\"3139\" data-orig-file=\"https:\/\/danischreiner.de\/wp-content\/uploads\/2019\/06\/39-Brueggler-Schweiz-2019-Web.jpg\" data-orig-size=\"1920,1280\" data-comments-opened=\"1\" data-image-meta=\"{&quot;aperture&quot;:&quot;0&quot;,&quot;credit&quot;:&quot;&quot;,&quot;camera&quot;:&quot;&quot;,&quot;caption&quot;:&quot;&quot;,&quot;created_timestamp&quot;:&quot;0&quot;,&quot;copyright&quot;:&quot;&quot;,&quot;focal_length&quot;:&quot;0&quot;,&quot;iso&quot;:&quot;0&quot;,&quot;shutter_speed&quot;:&quot;0&quot;,&quot;title&quot;:&quot;&quot;,&quot;orientation&quot;:&quot;0&quot;,&quot;info&quot;:&quot;&quot;}\" data-image-title=\"39 Brueggler Schweiz 2019 Web\" data-image-description=\"\" data-medium-file=\"https:\/\/danischreiner.de\/wp-content\/uploads\/2019\/06\/39-Brueggler-Schweiz-2019-Web-300x200.jpg\" data-large-file=\"https:\/\/danischreiner.de\/wp-content\/uploads\/2019\/06\/39-Brueggler-Schweiz-2019-Web-1024x683.jpg\" src=\"https:\/\/danischreiner.de\/wp-content\/uploads\/2019\/06\/39-Brueggler-Schweiz-2019-Web.jpg\" width=\"300\" height=\"200\" align=\"left\" title=\"39 Brueggler Schweiz 2019 Web\" \/><\/a><\/div><div class=\"tiled-gallery-item tiled-gallery-item-full\"><a href=\"https:\/\/danischreiner.de\/?attachment_id=3138\"><img loading=\"lazy\" decoding=\"async\" data-attachment-id=\"3138\" data-orig-file=\"https:\/\/danischreiner.de\/wp-content\/uploads\/2019\/06\/38-Brueggler-Schweiz-2019-Web.jpg\" data-orig-size=\"1920,1280\" data-comments-opened=\"1\" data-image-meta=\"{&quot;aperture&quot;:&quot;0&quot;,&quot;credit&quot;:&quot;&quot;,&quot;camera&quot;:&quot;&quot;,&quot;caption&quot;:&quot;&quot;,&quot;created_timestamp&quot;:&quot;0&quot;,&quot;copyright&quot;:&quot;&quot;,&quot;focal_length&quot;:&quot;0&quot;,&quot;iso&quot;:&quot;0&quot;,&quot;shutter_speed&quot;:&quot;0&quot;,&quot;title&quot;:&quot;&quot;,&quot;orientation&quot;:&quot;0&quot;,&quot;info&quot;:&quot;&quot;}\" data-image-title=\"38 Brueggler Schweiz 2019 Web\" data-image-description=\"\" data-medium-file=\"https:\/\/danischreiner.de\/wp-content\/uploads\/2019\/06\/38-Brueggler-Schweiz-2019-Web-300x200.jpg\" data-large-file=\"https:\/\/danischreiner.de\/wp-content\/uploads\/2019\/06\/38-Brueggler-Schweiz-2019-Web-1024x683.jpg\" src=\"https:\/\/danischreiner.de\/wp-content\/uploads\/2019\/06\/38-Brueggler-Schweiz-2019-Web.jpg\" width=\"300\" height=\"200\" align=\"left\" title=\"38 Brueggler Schweiz 2019 Web\" \/><\/a><\/div><\/div><\/div><div class=\"gallery-row\" style=\"width: 915px; height: 201px;\"><div class=\"gallery-group images-1\" style=\"width: 305px; height: 205px;\"><div class=\"tiled-gallery-item tiled-gallery-item-full\"><a href=\"https:\/\/danischreiner.de\/?attachment_id=3137\"><img loading=\"lazy\" decoding=\"async\" data-attachment-id=\"3137\" data-orig-file=\"https:\/\/danischreiner.de\/wp-content\/uploads\/2019\/06\/37-Brueggler-Schweiz-2019-Web.jpg\" data-orig-size=\"1920,1280\" data-comments-opened=\"1\" data-image-meta=\"{&quot;aperture&quot;:&quot;0&quot;,&quot;credit&quot;:&quot;&quot;,&quot;camera&quot;:&quot;&quot;,&quot;caption&quot;:&quot;&quot;,&quot;created_timestamp&quot;:&quot;0&quot;,&quot;copyright&quot;:&quot;&quot;,&quot;focal_length&quot;:&quot;0&quot;,&quot;iso&quot;:&quot;0&quot;,&quot;shutter_speed&quot;:&quot;0&quot;,&quot;title&quot;:&quot;&quot;,&quot;orientation&quot;:&quot;0&quot;,&quot;info&quot;:&quot;&quot;}\" data-image-title=\"37 Brueggler Schweiz 2019 Web\" data-image-description=\"\" data-medium-file=\"https:\/\/danischreiner.de\/wp-content\/uploads\/2019\/06\/37-Brueggler-Schweiz-2019-Web-300x200.jpg\" data-large-file=\"https:\/\/danischreiner.de\/wp-content\/uploads\/2019\/06\/37-Brueggler-Schweiz-2019-Web-1024x683.jpg\" src=\"https:\/\/danischreiner.de\/wp-content\/uploads\/2019\/06\/37-Brueggler-Schweiz-2019-Web.jpg\" width=\"301\" height=\"201\" align=\"left\" title=\"37 Brueggler Schweiz 2019 Web\" \/><\/a><\/div><\/div><div class=\"gallery-group images-1\" style=\"width: 305px; height: 205px;\"><div class=\"tiled-gallery-item tiled-gallery-item-full\"><a href=\"https:\/\/danischreiner.de\/?attachment_id=3136\"><img loading=\"lazy\" decoding=\"async\" data-attachment-id=\"3136\" data-orig-file=\"https:\/\/danischreiner.de\/wp-content\/uploads\/2019\/06\/36-Brueggler-Schweiz-2019-Web.jpg\" data-orig-size=\"1920,1280\" data-comments-opened=\"1\" data-image-meta=\"{&quot;aperture&quot;:&quot;0&quot;,&quot;credit&quot;:&quot;&quot;,&quot;camera&quot;:&quot;&quot;,&quot;caption&quot;:&quot;&quot;,&quot;created_timestamp&quot;:&quot;0&quot;,&quot;copyright&quot;:&quot;&quot;,&quot;focal_length&quot;:&quot;0&quot;,&quot;iso&quot;:&quot;0&quot;,&quot;shutter_speed&quot;:&quot;0&quot;,&quot;title&quot;:&quot;&quot;,&quot;orientation&quot;:&quot;0&quot;,&quot;info&quot;:&quot;&quot;}\" data-image-title=\"36 Brueggler Schweiz 2019 Web\" data-image-description=\"\" data-medium-file=\"https:\/\/danischreiner.de\/wp-content\/uploads\/2019\/06\/36-Brueggler-Schweiz-2019-Web-300x200.jpg\" data-large-file=\"https:\/\/danischreiner.de\/wp-content\/uploads\/2019\/06\/36-Brueggler-Schweiz-2019-Web-1024x683.jpg\" src=\"https:\/\/danischreiner.de\/wp-content\/uploads\/2019\/06\/36-Brueggler-Schweiz-2019-Web.jpg\" width=\"301\" height=\"201\" align=\"left\" title=\"36 Brueggler Schweiz 2019 Web\" \/><\/a><\/div><\/div><div class=\"gallery-group images-1\" style=\"width: 305px; height: 205px;\"><div class=\"tiled-gallery-item tiled-gallery-item-full\"><a href=\"https:\/\/danischreiner.de\/?attachment_id=3135\"><img loading=\"lazy\" decoding=\"async\" data-attachment-id=\"3135\" data-orig-file=\"https:\/\/danischreiner.de\/wp-content\/uploads\/2019\/06\/35-Brueggler-Schweiz-2019-Web.jpg\" data-orig-size=\"1920,1280\" data-comments-opened=\"1\" data-image-meta=\"{&quot;aperture&quot;:&quot;0&quot;,&quot;credit&quot;:&quot;&quot;,&quot;camera&quot;:&quot;&quot;,&quot;caption&quot;:&quot;&quot;,&quot;created_timestamp&quot;:&quot;0&quot;,&quot;copyright&quot;:&quot;&quot;,&quot;focal_length&quot;:&quot;0&quot;,&quot;iso&quot;:&quot;0&quot;,&quot;shutter_speed&quot;:&quot;0&quot;,&quot;title&quot;:&quot;&quot;,&quot;orientation&quot;:&quot;0&quot;,&quot;info&quot;:&quot;&quot;}\" data-image-title=\"35 Brueggler Schweiz 2019 Web\" data-image-description=\"\" data-medium-file=\"https:\/\/danischreiner.de\/wp-content\/uploads\/2019\/06\/35-Brueggler-Schweiz-2019-Web-300x200.jpg\" data-large-file=\"https:\/\/danischreiner.de\/wp-content\/uploads\/2019\/06\/35-Brueggler-Schweiz-2019-Web-1024x683.jpg\" src=\"https:\/\/danischreiner.de\/wp-content\/uploads\/2019\/06\/35-Brueggler-Schweiz-2019-Web.jpg\" width=\"301\" height=\"201\" align=\"left\" title=\"35 Brueggler Schweiz 2019 Web\" \/><\/a><\/div><\/div><\/div><div class=\"gallery-row\" style=\"width: 915px; height: 404px;\"><div class=\"gallery-group images-2\" style=\"width: 304px; height: 408px;\"><div class=\"tiled-gallery-item tiled-gallery-item-full\"><a href=\"https:\/\/danischreiner.de\/?attachment_id=3134\"><img loading=\"lazy\" decoding=\"async\" data-attachment-id=\"3134\" data-orig-file=\"https:\/\/danischreiner.de\/wp-content\/uploads\/2019\/06\/34-Brueggler-Schweiz-2019-Web.jpg\" data-orig-size=\"1920,1280\" data-comments-opened=\"1\" data-image-meta=\"{&quot;aperture&quot;:&quot;0&quot;,&quot;credit&quot;:&quot;&quot;,&quot;camera&quot;:&quot;&quot;,&quot;caption&quot;:&quot;&quot;,&quot;created_timestamp&quot;:&quot;0&quot;,&quot;copyright&quot;:&quot;&quot;,&quot;focal_length&quot;:&quot;0&quot;,&quot;iso&quot;:&quot;0&quot;,&quot;shutter_speed&quot;:&quot;0&quot;,&quot;title&quot;:&quot;&quot;,&quot;orientation&quot;:&quot;0&quot;,&quot;info&quot;:&quot;&quot;}\" data-image-title=\"34 Brueggler Schweiz 2019 Web\" data-image-description=\"\" data-medium-file=\"https:\/\/danischreiner.de\/wp-content\/uploads\/2019\/06\/34-Brueggler-Schweiz-2019-Web-300x200.jpg\" data-large-file=\"https:\/\/danischreiner.de\/wp-content\/uploads\/2019\/06\/34-Brueggler-Schweiz-2019-Web-1024x683.jpg\" src=\"https:\/\/danischreiner.de\/wp-content\/uploads\/2019\/06\/34-Brueggler-Schweiz-2019-Web.jpg\" width=\"300\" height=\"200\" align=\"left\" title=\"34 Brueggler Schweiz 2019 Web\" \/><\/a><\/div><div class=\"tiled-gallery-item tiled-gallery-item-full\"><a href=\"https:\/\/danischreiner.de\/?attachment_id=3133\"><img loading=\"lazy\" decoding=\"async\" data-attachment-id=\"3133\" data-orig-file=\"https:\/\/danischreiner.de\/wp-content\/uploads\/2019\/06\/33-Brueggler-Schweiz-2019-Web.jpg\" data-orig-size=\"1920,1280\" data-comments-opened=\"1\" data-image-meta=\"{&quot;aperture&quot;:&quot;0&quot;,&quot;credit&quot;:&quot;&quot;,&quot;camera&quot;:&quot;&quot;,&quot;caption&quot;:&quot;&quot;,&quot;created_timestamp&quot;:&quot;0&quot;,&quot;copyright&quot;:&quot;&quot;,&quot;focal_length&quot;:&quot;0&quot;,&quot;iso&quot;:&quot;0&quot;,&quot;shutter_speed&quot;:&quot;0&quot;,&quot;title&quot;:&quot;&quot;,&quot;orientation&quot;:&quot;0&quot;,&quot;info&quot;:&quot;&quot;}\" data-image-title=\"33 Brueggler Schweiz 2019 Web\" data-image-description=\"\" data-medium-file=\"https:\/\/danischreiner.de\/wp-content\/uploads\/2019\/06\/33-Brueggler-Schweiz-2019-Web-300x200.jpg\" data-large-file=\"https:\/\/danischreiner.de\/wp-content\/uploads\/2019\/06\/33-Brueggler-Schweiz-2019-Web-1024x683.jpg\" src=\"https:\/\/danischreiner.de\/wp-content\/uploads\/2019\/06\/33-Brueggler-Schweiz-2019-Web.jpg\" width=\"300\" height=\"200\" align=\"left\" title=\"33 Brueggler Schweiz 2019 Web\" \/><\/a><\/div><\/div><div class=\"gallery-group images-1\" style=\"width: 611px; height: 408px;\"><div class=\"tiled-gallery-item tiled-gallery-item-full\"><a href=\"https:\/\/danischreiner.de\/?attachment_id=3132\"><img loading=\"lazy\" decoding=\"async\" data-attachment-id=\"3132\" data-orig-file=\"https:\/\/danischreiner.de\/wp-content\/uploads\/2019\/06\/32-Brueggler-Schweiz-2019-Web.jpg\" data-orig-size=\"1920,1280\" data-comments-opened=\"1\" data-image-meta=\"{&quot;aperture&quot;:&quot;0&quot;,&quot;credit&quot;:&quot;&quot;,&quot;camera&quot;:&quot;&quot;,&quot;caption&quot;:&quot;&quot;,&quot;created_timestamp&quot;:&quot;0&quot;,&quot;copyright&quot;:&quot;&quot;,&quot;focal_length&quot;:&quot;0&quot;,&quot;iso&quot;:&quot;0&quot;,&quot;shutter_speed&quot;:&quot;0&quot;,&quot;title&quot;:&quot;&quot;,&quot;orientation&quot;:&quot;0&quot;,&quot;info&quot;:&quot;&quot;}\" data-image-title=\"32 Brueggler Schweiz 2019 Web\" data-image-description=\"\" data-medium-file=\"https:\/\/danischreiner.de\/wp-content\/uploads\/2019\/06\/32-Brueggler-Schweiz-2019-Web-300x200.jpg\" data-large-file=\"https:\/\/danischreiner.de\/wp-content\/uploads\/2019\/06\/32-Brueggler-Schweiz-2019-Web-1024x683.jpg\" src=\"https:\/\/danischreiner.de\/wp-content\/uploads\/2019\/06\/32-Brueggler-Schweiz-2019-Web.jpg\" width=\"607\" height=\"404\" align=\"left\" title=\"32 Brueggler Schweiz 2019 Web\" \/><\/a><\/div><\/div><\/div><div class=\"gallery-row\" style=\"width: 915px; height: 201px;\"><div class=\"gallery-group images-1\" style=\"width: 305px; height: 205px;\"><div class=\"tiled-gallery-item tiled-gallery-item-full\"><a href=\"https:\/\/danischreiner.de\/?attachment_id=3131\"><img loading=\"lazy\" decoding=\"async\" data-attachment-id=\"3131\" data-orig-file=\"https:\/\/danischreiner.de\/wp-content\/uploads\/2019\/06\/31-Brueggler-Schweiz-2019-Web.jpg\" data-orig-size=\"1920,1280\" data-comments-opened=\"1\" data-image-meta=\"{&quot;aperture&quot;:&quot;0&quot;,&quot;credit&quot;:&quot;&quot;,&quot;camera&quot;:&quot;&quot;,&quot;caption&quot;:&quot;&quot;,&quot;created_timestamp&quot;:&quot;0&quot;,&quot;copyright&quot;:&quot;&quot;,&quot;focal_length&quot;:&quot;0&quot;,&quot;iso&quot;:&quot;0&quot;,&quot;shutter_speed&quot;:&quot;0&quot;,&quot;title&quot;:&quot;&quot;,&quot;orientation&quot;:&quot;0&quot;,&quot;info&quot;:&quot;&quot;}\" data-image-title=\"31 Brueggler Schweiz 2019 Web\" data-image-description=\"\" data-medium-file=\"https:\/\/danischreiner.de\/wp-content\/uploads\/2019\/06\/31-Brueggler-Schweiz-2019-Web-300x200.jpg\" data-large-file=\"https:\/\/danischreiner.de\/wp-content\/uploads\/2019\/06\/31-Brueggler-Schweiz-2019-Web-1024x683.jpg\" src=\"https:\/\/danischreiner.de\/wp-content\/uploads\/2019\/06\/31-Brueggler-Schweiz-2019-Web.jpg\" width=\"301\" height=\"201\" align=\"left\" title=\"31 Brueggler Schweiz 2019 Web\" \/><\/a><\/div><\/div><div class=\"gallery-group images-1\" style=\"width: 305px; height: 205px;\"><div class=\"tiled-gallery-item tiled-gallery-item-full\"><a href=\"https:\/\/danischreiner.de\/?attachment_id=3130\"><img loading=\"lazy\" decoding=\"async\" data-attachment-id=\"3130\" data-orig-file=\"https:\/\/danischreiner.de\/wp-content\/uploads\/2019\/06\/30-Brueggler-Schweiz-2019-Web.jpg\" data-orig-size=\"1920,1280\" data-comments-opened=\"1\" data-image-meta=\"{&quot;aperture&quot;:&quot;0&quot;,&quot;credit&quot;:&quot;&quot;,&quot;camera&quot;:&quot;&quot;,&quot;caption&quot;:&quot;&quot;,&quot;created_timestamp&quot;:&quot;0&quot;,&quot;copyright&quot;:&quot;&quot;,&quot;focal_length&quot;:&quot;0&quot;,&quot;iso&quot;:&quot;0&quot;,&quot;shutter_speed&quot;:&quot;0&quot;,&quot;title&quot;:&quot;&quot;,&quot;orientation&quot;:&quot;0&quot;,&quot;info&quot;:&quot;&quot;}\" data-image-title=\"30 Brueggler Schweiz 2019 Web\" data-image-description=\"\" data-medium-file=\"https:\/\/danischreiner.de\/wp-content\/uploads\/2019\/06\/30-Brueggler-Schweiz-2019-Web-300x200.jpg\" data-large-file=\"https:\/\/danischreiner.de\/wp-content\/uploads\/2019\/06\/30-Brueggler-Schweiz-2019-Web-1024x683.jpg\" src=\"https:\/\/danischreiner.de\/wp-content\/uploads\/2019\/06\/30-Brueggler-Schweiz-2019-Web.jpg\" width=\"301\" height=\"201\" align=\"left\" title=\"30 Brueggler Schweiz 2019 Web\" \/><\/a><\/div><\/div><div class=\"gallery-group images-1\" style=\"width: 305px; height: 205px;\"><div class=\"tiled-gallery-item tiled-gallery-item-full\"><a href=\"https:\/\/danischreiner.de\/?attachment_id=3129\"><img loading=\"lazy\" decoding=\"async\" data-attachment-id=\"3129\" data-orig-file=\"https:\/\/danischreiner.de\/wp-content\/uploads\/2019\/06\/29-Brueggler-Schweiz-2019-Web.jpg\" data-orig-size=\"1920,1280\" data-comments-opened=\"1\" data-image-meta=\"{&quot;aperture&quot;:&quot;0&quot;,&quot;credit&quot;:&quot;&quot;,&quot;camera&quot;:&quot;&quot;,&quot;caption&quot;:&quot;&quot;,&quot;created_timestamp&quot;:&quot;0&quot;,&quot;copyright&quot;:&quot;&quot;,&quot;focal_length&quot;:&quot;0&quot;,&quot;iso&quot;:&quot;0&quot;,&quot;shutter_speed&quot;:&quot;0&quot;,&quot;title&quot;:&quot;&quot;,&quot;orientation&quot;:&quot;0&quot;,&quot;info&quot;:&quot;&quot;}\" data-image-title=\"29 Brueggler Schweiz 2019 Web\" data-image-description=\"\" data-medium-file=\"https:\/\/danischreiner.de\/wp-content\/uploads\/2019\/06\/29-Brueggler-Schweiz-2019-Web-300x200.jpg\" data-large-file=\"https:\/\/danischreiner.de\/wp-content\/uploads\/2019\/06\/29-Brueggler-Schweiz-2019-Web-1024x683.jpg\" src=\"https:\/\/danischreiner.de\/wp-content\/uploads\/2019\/06\/29-Brueggler-Schweiz-2019-Web.jpg\" width=\"301\" height=\"201\" align=\"left\" title=\"29 Brueggler Schweiz 2019 Web\" \/><\/a><\/div><\/div><\/div><div class=\"gallery-row\" style=\"width: 915px; height: 404px;\"><div class=\"gallery-group images-1\" style=\"width: 611px; height: 408px;\"><div class=\"tiled-gallery-item tiled-gallery-item-full\"><a href=\"https:\/\/danischreiner.de\/?attachment_id=3128\"><img loading=\"lazy\" decoding=\"async\" data-attachment-id=\"3128\" data-orig-file=\"https:\/\/danischreiner.de\/wp-content\/uploads\/2019\/06\/28-Brueggler-Schweiz-2019-Web.jpg\" data-orig-size=\"1920,1280\" data-comments-opened=\"1\" data-image-meta=\"{&quot;aperture&quot;:&quot;0&quot;,&quot;credit&quot;:&quot;&quot;,&quot;camera&quot;:&quot;&quot;,&quot;caption&quot;:&quot;&quot;,&quot;created_timestamp&quot;:&quot;0&quot;,&quot;copyright&quot;:&quot;&quot;,&quot;focal_length&quot;:&quot;0&quot;,&quot;iso&quot;:&quot;0&quot;,&quot;shutter_speed&quot;:&quot;0&quot;,&quot;title&quot;:&quot;&quot;,&quot;orientation&quot;:&quot;0&quot;,&quot;info&quot;:&quot;&quot;}\" data-image-title=\"28 Brueggler Schweiz 2019 Web\" data-image-description=\"\" data-medium-file=\"https:\/\/danischreiner.de\/wp-content\/uploads\/2019\/06\/28-Brueggler-Schweiz-2019-Web-300x200.jpg\" data-large-file=\"https:\/\/danischreiner.de\/wp-content\/uploads\/2019\/06\/28-Brueggler-Schweiz-2019-Web-1024x683.jpg\" src=\"https:\/\/danischreiner.de\/wp-content\/uploads\/2019\/06\/28-Brueggler-Schweiz-2019-Web.jpg\" width=\"607\" height=\"404\" align=\"left\" title=\"28 Brueggler Schweiz 2019 Web\" \/><\/a><\/div><\/div><div class=\"gallery-group images-2\" style=\"width: 304px; height: 408px;\"><div class=\"tiled-gallery-item tiled-gallery-item-full\"><a href=\"https:\/\/danischreiner.de\/?attachment_id=3127\"><img loading=\"lazy\" decoding=\"async\" data-attachment-id=\"3127\" data-orig-file=\"https:\/\/danischreiner.de\/wp-content\/uploads\/2019\/06\/27-Brueggler-Schweiz-2019-Web.jpg\" data-orig-size=\"1920,1280\" data-comments-opened=\"1\" data-image-meta=\"{&quot;aperture&quot;:&quot;0&quot;,&quot;credit&quot;:&quot;&quot;,&quot;camera&quot;:&quot;&quot;,&quot;caption&quot;:&quot;&quot;,&quot;created_timestamp&quot;:&quot;0&quot;,&quot;copyright&quot;:&quot;&quot;,&quot;focal_length&quot;:&quot;0&quot;,&quot;iso&quot;:&quot;0&quot;,&quot;shutter_speed&quot;:&quot;0&quot;,&quot;title&quot;:&quot;&quot;,&quot;orientation&quot;:&quot;0&quot;,&quot;info&quot;:&quot;&quot;}\" data-image-title=\"27 Brueggler Schweiz 2019 Web\" data-image-description=\"\" data-medium-file=\"https:\/\/danischreiner.de\/wp-content\/uploads\/2019\/06\/27-Brueggler-Schweiz-2019-Web-300x200.jpg\" data-large-file=\"https:\/\/danischreiner.de\/wp-content\/uploads\/2019\/06\/27-Brueggler-Schweiz-2019-Web-1024x683.jpg\" src=\"https:\/\/danischreiner.de\/wp-content\/uploads\/2019\/06\/27-Brueggler-Schweiz-2019-Web.jpg\" width=\"300\" height=\"200\" align=\"left\" title=\"27 Brueggler Schweiz 2019 Web\" \/><\/a><\/div><div class=\"tiled-gallery-item tiled-gallery-item-full\"><a href=\"https:\/\/danischreiner.de\/?attachment_id=3126\"><img loading=\"lazy\" decoding=\"async\" data-attachment-id=\"3126\" data-orig-file=\"https:\/\/danischreiner.de\/wp-content\/uploads\/2019\/06\/26-Brueggler-Schweiz-2019-Web.jpg\" data-orig-size=\"1920,1280\" data-comments-opened=\"1\" data-image-meta=\"{&quot;aperture&quot;:&quot;0&quot;,&quot;credit&quot;:&quot;&quot;,&quot;camera&quot;:&quot;&quot;,&quot;caption&quot;:&quot;&quot;,&quot;created_timestamp&quot;:&quot;0&quot;,&quot;copyright&quot;:&quot;&quot;,&quot;focal_length&quot;:&quot;0&quot;,&quot;iso&quot;:&quot;0&quot;,&quot;shutter_speed&quot;:&quot;0&quot;,&quot;title&quot;:&quot;&quot;,&quot;orientation&quot;:&quot;0&quot;,&quot;info&quot;:&quot;&quot;}\" data-image-title=\"26 Brueggler Schweiz 2019 Web\" data-image-description=\"\" data-medium-file=\"https:\/\/danischreiner.de\/wp-content\/uploads\/2019\/06\/26-Brueggler-Schweiz-2019-Web-300x200.jpg\" data-large-file=\"https:\/\/danischreiner.de\/wp-content\/uploads\/2019\/06\/26-Brueggler-Schweiz-2019-Web-1024x683.jpg\" src=\"https:\/\/danischreiner.de\/wp-content\/uploads\/2019\/06\/26-Brueggler-Schweiz-2019-Web.jpg\" width=\"300\" height=\"200\" align=\"left\" title=\"26 Brueggler Schweiz 2019 Web\" \/><\/a><\/div><\/div><\/div><div class=\"gallery-row\" style=\"width: 915px; height: 201px;\"><div class=\"gallery-group images-1\" style=\"width: 305px; height: 205px;\"><div class=\"tiled-gallery-item tiled-gallery-item-full\"><a href=\"https:\/\/danischreiner.de\/?attachment_id=3125\"><img loading=\"lazy\" decoding=\"async\" data-attachment-id=\"3125\" data-orig-file=\"https:\/\/danischreiner.de\/wp-content\/uploads\/2019\/06\/25-Brueggler-Schweiz-2019-Web.jpg\" data-orig-size=\"1920,1280\" data-comments-opened=\"1\" data-image-meta=\"{&quot;aperture&quot;:&quot;0&quot;,&quot;credit&quot;:&quot;&quot;,&quot;camera&quot;:&quot;&quot;,&quot;caption&quot;:&quot;&quot;,&quot;created_timestamp&quot;:&quot;0&quot;,&quot;copyright&quot;:&quot;&quot;,&quot;focal_length&quot;:&quot;0&quot;,&quot;iso&quot;:&quot;0&quot;,&quot;shutter_speed&quot;:&quot;0&quot;,&quot;title&quot;:&quot;&quot;,&quot;orientation&quot;:&quot;0&quot;,&quot;info&quot;:&quot;&quot;}\" data-image-title=\"25 Brueggler Schweiz 2019 Web\" data-image-description=\"\" data-medium-file=\"https:\/\/danischreiner.de\/wp-content\/uploads\/2019\/06\/25-Brueggler-Schweiz-2019-Web-300x200.jpg\" data-large-file=\"https:\/\/danischreiner.de\/wp-content\/uploads\/2019\/06\/25-Brueggler-Schweiz-2019-Web-1024x683.jpg\" src=\"https:\/\/danischreiner.de\/wp-content\/uploads\/2019\/06\/25-Brueggler-Schweiz-2019-Web.jpg\" width=\"301\" height=\"201\" align=\"left\" title=\"25 Brueggler Schweiz 2019 Web\" \/><\/a><\/div><\/div><div class=\"gallery-group images-1\" style=\"width: 305px; height: 205px;\"><div class=\"tiled-gallery-item tiled-gallery-item-full\"><a href=\"https:\/\/danischreiner.de\/?attachment_id=3124\"><img loading=\"lazy\" decoding=\"async\" data-attachment-id=\"3124\" data-orig-file=\"https:\/\/danischreiner.de\/wp-content\/uploads\/2019\/06\/24-Brueggler-Schweiz-2019-Web.jpg\" data-orig-size=\"1920,1280\" data-comments-opened=\"1\" data-image-meta=\"{&quot;aperture&quot;:&quot;0&quot;,&quot;credit&quot;:&quot;&quot;,&quot;camera&quot;:&quot;&quot;,&quot;caption&quot;:&quot;&quot;,&quot;created_timestamp&quot;:&quot;0&quot;,&quot;copyright&quot;:&quot;&quot;,&quot;focal_length&quot;:&quot;0&quot;,&quot;iso&quot;:&quot;0&quot;,&quot;shutter_speed&quot;:&quot;0&quot;,&quot;title&quot;:&quot;&quot;,&quot;orientation&quot;:&quot;0&quot;,&quot;info&quot;:&quot;&quot;}\" data-image-title=\"24 Brueggler Schweiz 2019 Web\" data-image-description=\"\" data-medium-file=\"https:\/\/danischreiner.de\/wp-content\/uploads\/2019\/06\/24-Brueggler-Schweiz-2019-Web-300x200.jpg\" data-large-file=\"https:\/\/danischreiner.de\/wp-content\/uploads\/2019\/06\/24-Brueggler-Schweiz-2019-Web-1024x683.jpg\" src=\"https:\/\/danischreiner.de\/wp-content\/uploads\/2019\/06\/24-Brueggler-Schweiz-2019-Web.jpg\" width=\"301\" height=\"201\" align=\"left\" title=\"24 Brueggler Schweiz 2019 Web\" \/><\/a><\/div><\/div><div class=\"gallery-group images-1\" style=\"width: 305px; height: 205px;\"><div class=\"tiled-gallery-item tiled-gallery-item-full\"><a href=\"https:\/\/danischreiner.de\/?attachment_id=3123\"><img loading=\"lazy\" decoding=\"async\" data-attachment-id=\"3123\" data-orig-file=\"https:\/\/danischreiner.de\/wp-content\/uploads\/2019\/06\/23-Brueggler-Schweiz-2019-Web.jpg\" data-orig-size=\"1920,1280\" data-comments-opened=\"1\" data-image-meta=\"{&quot;aperture&quot;:&quot;0&quot;,&quot;credit&quot;:&quot;&quot;,&quot;camera&quot;:&quot;&quot;,&quot;caption&quot;:&quot;&quot;,&quot;created_timestamp&quot;:&quot;0&quot;,&quot;copyright&quot;:&quot;&quot;,&quot;focal_length&quot;:&quot;0&quot;,&quot;iso&quot;:&quot;0&quot;,&quot;shutter_speed&quot;:&quot;0&quot;,&quot;title&quot;:&quot;&quot;,&quot;orientation&quot;:&quot;0&quot;,&quot;info&quot;:&quot;&quot;}\" data-image-title=\"23 Brueggler Schweiz 2019 Web\" data-image-description=\"\" data-medium-file=\"https:\/\/danischreiner.de\/wp-content\/uploads\/2019\/06\/23-Brueggler-Schweiz-2019-Web-300x200.jpg\" data-large-file=\"https:\/\/danischreiner.de\/wp-content\/uploads\/2019\/06\/23-Brueggler-Schweiz-2019-Web-1024x683.jpg\" src=\"https:\/\/danischreiner.de\/wp-content\/uploads\/2019\/06\/23-Brueggler-Schweiz-2019-Web.jpg\" width=\"301\" height=\"201\" align=\"left\" title=\"23 Brueggler Schweiz 2019 Web\" \/><\/a><\/div><\/div><\/div><div class=\"gallery-row\" style=\"width: 915px; height: 404px;\"><div class=\"gallery-group images-2\" style=\"width: 304px; height: 408px;\"><div class=\"tiled-gallery-item tiled-gallery-item-full\"><a href=\"https:\/\/danischreiner.de\/?attachment_id=3122\"><img loading=\"lazy\" decoding=\"async\" data-attachment-id=\"3122\" data-orig-file=\"https:\/\/danischreiner.de\/wp-content\/uploads\/2019\/06\/22-Brueggler-Schweiz-2019-Web.jpg\" data-orig-size=\"1920,1280\" data-comments-opened=\"1\" data-image-meta=\"{&quot;aperture&quot;:&quot;0&quot;,&quot;credit&quot;:&quot;&quot;,&quot;camera&quot;:&quot;&quot;,&quot;caption&quot;:&quot;&quot;,&quot;created_timestamp&quot;:&quot;0&quot;,&quot;copyright&quot;:&quot;&quot;,&quot;focal_length&quot;:&quot;0&quot;,&quot;iso&quot;:&quot;0&quot;,&quot;shutter_speed&quot;:&quot;0&quot;,&quot;title&quot;:&quot;&quot;,&quot;orientation&quot;:&quot;0&quot;,&quot;info&quot;:&quot;&quot;}\" data-image-title=\"22 Brueggler Schweiz 2019 Web\" data-image-description=\"\" data-medium-file=\"https:\/\/danischreiner.de\/wp-content\/uploads\/2019\/06\/22-Brueggler-Schweiz-2019-Web-300x200.jpg\" data-large-file=\"https:\/\/danischreiner.de\/wp-content\/uploads\/2019\/06\/22-Brueggler-Schweiz-2019-Web-1024x683.jpg\" src=\"https:\/\/danischreiner.de\/wp-content\/uploads\/2019\/06\/22-Brueggler-Schweiz-2019-Web.jpg\" width=\"300\" height=\"200\" align=\"left\" title=\"22 Brueggler Schweiz 2019 Web\" \/><\/a><\/div><div class=\"tiled-gallery-item tiled-gallery-item-full\"><a href=\"https:\/\/danischreiner.de\/?attachment_id=3121\"><img loading=\"lazy\" decoding=\"async\" data-attachment-id=\"3121\" data-orig-file=\"https:\/\/danischreiner.de\/wp-content\/uploads\/2019\/06\/21-Brueggler-Schweiz-2019-Web.jpg\" data-orig-size=\"1920,1280\" data-comments-opened=\"1\" data-image-meta=\"{&quot;aperture&quot;:&quot;0&quot;,&quot;credit&quot;:&quot;&quot;,&quot;camera&quot;:&quot;&quot;,&quot;caption&quot;:&quot;&quot;,&quot;created_timestamp&quot;:&quot;0&quot;,&quot;copyright&quot;:&quot;&quot;,&quot;focal_length&quot;:&quot;0&quot;,&quot;iso&quot;:&quot;0&quot;,&quot;shutter_speed&quot;:&quot;0&quot;,&quot;title&quot;:&quot;&quot;,&quot;orientation&quot;:&quot;0&quot;,&quot;info&quot;:&quot;&quot;}\" data-image-title=\"21 Brueggler Schweiz 2019 Web\" data-image-description=\"\" data-medium-file=\"https:\/\/danischreiner.de\/wp-content\/uploads\/2019\/06\/21-Brueggler-Schweiz-2019-Web-300x200.jpg\" data-large-file=\"https:\/\/danischreiner.de\/wp-content\/uploads\/2019\/06\/21-Brueggler-Schweiz-2019-Web-1024x683.jpg\" src=\"https:\/\/danischreiner.de\/wp-content\/uploads\/2019\/06\/21-Brueggler-Schweiz-2019-Web.jpg\" width=\"300\" height=\"200\" align=\"left\" title=\"21 Brueggler Schweiz 2019 Web\" \/><\/a><\/div><\/div><div class=\"gallery-group images-1\" style=\"width: 611px; height: 408px;\"><div class=\"tiled-gallery-item tiled-gallery-item-full\"><a href=\"https:\/\/danischreiner.de\/?attachment_id=3120\"><img loading=\"lazy\" decoding=\"async\" data-attachment-id=\"3120\" data-orig-file=\"https:\/\/danischreiner.de\/wp-content\/uploads\/2019\/06\/20-Brueggler-Schweiz-2019-Web.jpg\" data-orig-size=\"1920,1280\" data-comments-opened=\"1\" data-image-meta=\"{&quot;aperture&quot;:&quot;0&quot;,&quot;credit&quot;:&quot;&quot;,&quot;camera&quot;:&quot;&quot;,&quot;caption&quot;:&quot;&quot;,&quot;created_timestamp&quot;:&quot;0&quot;,&quot;copyright&quot;:&quot;&quot;,&quot;focal_length&quot;:&quot;0&quot;,&quot;iso&quot;:&quot;0&quot;,&quot;shutter_speed&quot;:&quot;0&quot;,&quot;title&quot;:&quot;&quot;,&quot;orientation&quot;:&quot;0&quot;,&quot;info&quot;:&quot;&quot;}\" data-image-title=\"20 Brueggler Schweiz 2019 Web\" data-image-description=\"\" data-medium-file=\"https:\/\/danischreiner.de\/wp-content\/uploads\/2019\/06\/20-Brueggler-Schweiz-2019-Web-300x200.jpg\" data-large-file=\"https:\/\/danischreiner.de\/wp-content\/uploads\/2019\/06\/20-Brueggler-Schweiz-2019-Web-1024x683.jpg\" src=\"https:\/\/danischreiner.de\/wp-content\/uploads\/2019\/06\/20-Brueggler-Schweiz-2019-Web.jpg\" width=\"607\" height=\"404\" align=\"left\" title=\"20 Brueggler Schweiz 2019 Web\" \/><\/a><\/div><\/div><\/div><div class=\"gallery-row\" style=\"width: 915px; height: 302px;\"><div class=\"gallery-group images-1\" style=\"width: 458px; height: 306px;\"><div class=\"tiled-gallery-item tiled-gallery-item-full\"><a href=\"https:\/\/danischreiner.de\/?attachment_id=3119\"><img loading=\"lazy\" decoding=\"async\" data-attachment-id=\"3119\" data-orig-file=\"https:\/\/danischreiner.de\/wp-content\/uploads\/2019\/06\/19-Brueggler-Schweiz-2019-Web.jpg\" data-orig-size=\"1920,1280\" data-comments-opened=\"1\" data-image-meta=\"{&quot;aperture&quot;:&quot;0&quot;,&quot;credit&quot;:&quot;&quot;,&quot;camera&quot;:&quot;&quot;,&quot;caption&quot;:&quot;&quot;,&quot;created_timestamp&quot;:&quot;0&quot;,&quot;copyright&quot;:&quot;&quot;,&quot;focal_length&quot;:&quot;0&quot;,&quot;iso&quot;:&quot;0&quot;,&quot;shutter_speed&quot;:&quot;0&quot;,&quot;title&quot;:&quot;&quot;,&quot;orientation&quot;:&quot;0&quot;,&quot;info&quot;:&quot;&quot;}\" data-image-title=\"19 Brueggler Schweiz 2019 Web\" data-image-description=\"\" data-medium-file=\"https:\/\/danischreiner.de\/wp-content\/uploads\/2019\/06\/19-Brueggler-Schweiz-2019-Web-300x200.jpg\" data-large-file=\"https:\/\/danischreiner.de\/wp-content\/uploads\/2019\/06\/19-Brueggler-Schweiz-2019-Web-1024x683.jpg\" src=\"https:\/\/danischreiner.de\/wp-content\/uploads\/2019\/06\/19-Brueggler-Schweiz-2019-Web.jpg\" width=\"454\" height=\"302\" align=\"left\" title=\"19 Brueggler Schweiz 2019 Web\" \/><\/a><\/div><\/div><div class=\"gallery-group images-1\" style=\"width: 457px; height: 306px;\"><div class=\"tiled-gallery-item tiled-gallery-item-full\"><a href=\"https:\/\/danischreiner.de\/?attachment_id=3118\"><img loading=\"lazy\" decoding=\"async\" data-attachment-id=\"3118\" data-orig-file=\"https:\/\/danischreiner.de\/wp-content\/uploads\/2019\/06\/18-Brueggler-Schweiz-2019-Web.jpg\" data-orig-size=\"1920,1280\" data-comments-opened=\"1\" data-image-meta=\"{&quot;aperture&quot;:&quot;0&quot;,&quot;credit&quot;:&quot;&quot;,&quot;camera&quot;:&quot;&quot;,&quot;caption&quot;:&quot;&quot;,&quot;created_timestamp&quot;:&quot;0&quot;,&quot;copyright&quot;:&quot;&quot;,&quot;focal_length&quot;:&quot;0&quot;,&quot;iso&quot;:&quot;0&quot;,&quot;shutter_speed&quot;:&quot;0&quot;,&quot;title&quot;:&quot;&quot;,&quot;orientation&quot;:&quot;0&quot;,&quot;info&quot;:&quot;&quot;}\" data-image-title=\"18 Brueggler Schweiz 2019 Web\" data-image-description=\"\" data-medium-file=\"https:\/\/danischreiner.de\/wp-content\/uploads\/2019\/06\/18-Brueggler-Schweiz-2019-Web-300x200.jpg\" data-large-file=\"https:\/\/danischreiner.de\/wp-content\/uploads\/2019\/06\/18-Brueggler-Schweiz-2019-Web-1024x683.jpg\" src=\"https:\/\/danischreiner.de\/wp-content\/uploads\/2019\/06\/18-Brueggler-Schweiz-2019-Web.jpg\" width=\"453\" height=\"302\" align=\"left\" title=\"18 Brueggler Schweiz 2019 Web\" \/><\/a><\/div><\/div><\/div><div class=\"gallery-row\" style=\"width: 915px; height: 781px;\"><div class=\"gallery-group images-1\" style=\"width: 525px; height: 785px;\"><div class=\"tiled-gallery-item tiled-gallery-item-full\"><a href=\"https:\/\/danischreiner.de\/?attachment_id=3117\"><img loading=\"lazy\" decoding=\"async\" data-attachment-id=\"3117\" data-orig-file=\"https:\/\/danischreiner.de\/wp-content\/uploads\/2019\/06\/17-Brueggler-Schweiz-2019-Web.jpg\" data-orig-size=\"1280,1920\" data-comments-opened=\"1\" data-image-meta=\"{&quot;aperture&quot;:&quot;0&quot;,&quot;credit&quot;:&quot;&quot;,&quot;camera&quot;:&quot;&quot;,&quot;caption&quot;:&quot;&quot;,&quot;created_timestamp&quot;:&quot;0&quot;,&quot;copyright&quot;:&quot;&quot;,&quot;focal_length&quot;:&quot;0&quot;,&quot;iso&quot;:&quot;0&quot;,&quot;shutter_speed&quot;:&quot;0&quot;,&quot;title&quot;:&quot;&quot;,&quot;orientation&quot;:&quot;0&quot;,&quot;info&quot;:&quot;&quot;}\" data-image-title=\"17 Brueggler Schweiz 2019 Web\" data-image-description=\"\" data-medium-file=\"https:\/\/danischreiner.de\/wp-content\/uploads\/2019\/06\/17-Brueggler-Schweiz-2019-Web-200x300.jpg\" data-large-file=\"https:\/\/danischreiner.de\/wp-content\/uploads\/2019\/06\/17-Brueggler-Schweiz-2019-Web-683x1024.jpg\" src=\"https:\/\/danischreiner.de\/wp-content\/uploads\/2019\/06\/17-Brueggler-Schweiz-2019-Web.jpg\" width=\"521\" height=\"781\" align=\"left\" title=\"17 Brueggler Schweiz 2019 Web\" \/><\/a><\/div><\/div><div class=\"gallery-group images-3\" style=\"width: 390px; height: 785px;\"><div class=\"tiled-gallery-item tiled-gallery-item-full\"><a href=\"https:\/\/danischreiner.de\/?attachment_id=3116\"><img loading=\"lazy\" decoding=\"async\" data-attachment-id=\"3116\" data-orig-file=\"https:\/\/danischreiner.de\/wp-content\/uploads\/2019\/06\/16-Brueggler-Schweiz-2019-Web.jpg\" data-orig-size=\"1920,1280\" data-comments-opened=\"1\" data-image-meta=\"{&quot;aperture&quot;:&quot;0&quot;,&quot;credit&quot;:&quot;&quot;,&quot;camera&quot;:&quot;&quot;,&quot;caption&quot;:&quot;&quot;,&quot;created_timestamp&quot;:&quot;0&quot;,&quot;copyright&quot;:&quot;&quot;,&quot;focal_length&quot;:&quot;0&quot;,&quot;iso&quot;:&quot;0&quot;,&quot;shutter_speed&quot;:&quot;0&quot;,&quot;title&quot;:&quot;&quot;,&quot;orientation&quot;:&quot;0&quot;,&quot;info&quot;:&quot;&quot;}\" data-image-title=\"16 Brueggler Schweiz 2019 Web\" data-image-description=\"\" data-medium-file=\"https:\/\/danischreiner.de\/wp-content\/uploads\/2019\/06\/16-Brueggler-Schweiz-2019-Web-300x200.jpg\" data-large-file=\"https:\/\/danischreiner.de\/wp-content\/uploads\/2019\/06\/16-Brueggler-Schweiz-2019-Web-1024x683.jpg\" src=\"https:\/\/danischreiner.de\/wp-content\/uploads\/2019\/06\/16-Brueggler-Schweiz-2019-Web.jpg\" width=\"386\" height=\"258\" align=\"left\" title=\"16 Brueggler Schweiz 2019 Web\" \/><\/a><\/div><div class=\"tiled-gallery-item tiled-gallery-item-full\"><a href=\"https:\/\/danischreiner.de\/?attachment_id=3115\"><img loading=\"lazy\" decoding=\"async\" data-attachment-id=\"3115\" data-orig-file=\"https:\/\/danischreiner.de\/wp-content\/uploads\/2019\/06\/15-Brueggler-Schweiz-2019-Web.jpg\" data-orig-size=\"1920,1280\" data-comments-opened=\"1\" data-image-meta=\"{&quot;aperture&quot;:&quot;0&quot;,&quot;credit&quot;:&quot;&quot;,&quot;camera&quot;:&quot;&quot;,&quot;caption&quot;:&quot;&quot;,&quot;created_timestamp&quot;:&quot;0&quot;,&quot;copyright&quot;:&quot;&quot;,&quot;focal_length&quot;:&quot;0&quot;,&quot;iso&quot;:&quot;0&quot;,&quot;shutter_speed&quot;:&quot;0&quot;,&quot;title&quot;:&quot;&quot;,&quot;orientation&quot;:&quot;0&quot;,&quot;info&quot;:&quot;&quot;}\" data-image-title=\"15 Brueggler Schweiz 2019 Web\" data-image-description=\"\" data-medium-file=\"https:\/\/danischreiner.de\/wp-content\/uploads\/2019\/06\/15-Brueggler-Schweiz-2019-Web-300x200.jpg\" data-large-file=\"https:\/\/danischreiner.de\/wp-content\/uploads\/2019\/06\/15-Brueggler-Schweiz-2019-Web-1024x683.jpg\" src=\"https:\/\/danischreiner.de\/wp-content\/uploads\/2019\/06\/15-Brueggler-Schweiz-2019-Web.jpg\" width=\"386\" height=\"258\" align=\"left\" title=\"15 Brueggler Schweiz 2019 Web\" \/><\/a><\/div><div class=\"tiled-gallery-item tiled-gallery-item-full\"><a href=\"https:\/\/danischreiner.de\/?attachment_id=3114\"><img loading=\"lazy\" decoding=\"async\" data-attachment-id=\"3114\" data-orig-file=\"https:\/\/danischreiner.de\/wp-content\/uploads\/2019\/06\/14-Brueggler-Schweiz-2019-Web.jpg\" data-orig-size=\"1920,1280\" data-comments-opened=\"1\" data-image-meta=\"{&quot;aperture&quot;:&quot;0&quot;,&quot;credit&quot;:&quot;&quot;,&quot;camera&quot;:&quot;&quot;,&quot;caption&quot;:&quot;&quot;,&quot;created_timestamp&quot;:&quot;0&quot;,&quot;copyright&quot;:&quot;&quot;,&quot;focal_length&quot;:&quot;0&quot;,&quot;iso&quot;:&quot;0&quot;,&quot;shutter_speed&quot;:&quot;0&quot;,&quot;title&quot;:&quot;&quot;,&quot;orientation&quot;:&quot;0&quot;,&quot;info&quot;:&quot;&quot;}\" data-image-title=\"14 Brueggler Schweiz 2019 Web\" data-image-description=\"\" data-medium-file=\"https:\/\/danischreiner.de\/wp-content\/uploads\/2019\/06\/14-Brueggler-Schweiz-2019-Web-300x200.jpg\" data-large-file=\"https:\/\/danischreiner.de\/wp-content\/uploads\/2019\/06\/14-Brueggler-Schweiz-2019-Web-1024x683.jpg\" src=\"https:\/\/danischreiner.de\/wp-content\/uploads\/2019\/06\/14-Brueggler-Schweiz-2019-Web.jpg\" width=\"386\" height=\"257\" align=\"left\" title=\"14 Brueggler Schweiz 2019 Web\" \/><\/a><\/div><\/div><\/div><div class=\"gallery-row\" style=\"width: 915px; height: 404px;\"><div class=\"gallery-group images-1\" style=\"width: 611px; height: 408px;\"><div class=\"tiled-gallery-item tiled-gallery-item-full\"><a href=\"https:\/\/danischreiner.de\/?attachment_id=3113\"><img loading=\"lazy\" decoding=\"async\" data-attachment-id=\"3113\" data-orig-file=\"https:\/\/danischreiner.de\/wp-content\/uploads\/2019\/06\/13-Brueggler-Schweiz-2019-Web.jpg\" data-orig-size=\"1920,1280\" data-comments-opened=\"1\" data-image-meta=\"{&quot;aperture&quot;:&quot;0&quot;,&quot;credit&quot;:&quot;&quot;,&quot;camera&quot;:&quot;&quot;,&quot;caption&quot;:&quot;&quot;,&quot;created_timestamp&quot;:&quot;0&quot;,&quot;copyright&quot;:&quot;&quot;,&quot;focal_length&quot;:&quot;0&quot;,&quot;iso&quot;:&quot;0&quot;,&quot;shutter_speed&quot;:&quot;0&quot;,&quot;title&quot;:&quot;&quot;,&quot;orientation&quot;:&quot;0&quot;,&quot;info&quot;:&quot;&quot;}\" data-image-title=\"13 Brueggler Schweiz 2019 Web\" data-image-description=\"\" data-medium-file=\"https:\/\/danischreiner.de\/wp-content\/uploads\/2019\/06\/13-Brueggler-Schweiz-2019-Web-300x200.jpg\" data-large-file=\"https:\/\/danischreiner.de\/wp-content\/uploads\/2019\/06\/13-Brueggler-Schweiz-2019-Web-1024x683.jpg\" src=\"https:\/\/danischreiner.de\/wp-content\/uploads\/2019\/06\/13-Brueggler-Schweiz-2019-Web.jpg\" width=\"607\" height=\"404\" align=\"left\" title=\"13 Brueggler Schweiz 2019 Web\" \/><\/a><\/div><\/div><div class=\"gallery-group images-2\" style=\"width: 304px; height: 408px;\"><div class=\"tiled-gallery-item tiled-gallery-item-full\"><a href=\"https:\/\/danischreiner.de\/?attachment_id=3112\"><img loading=\"lazy\" decoding=\"async\" data-attachment-id=\"3112\" data-orig-file=\"https:\/\/danischreiner.de\/wp-content\/uploads\/2019\/06\/12-Brueggler-Schweiz-2019-Web.jpg\" data-orig-size=\"1920,1280\" data-comments-opened=\"1\" data-image-meta=\"{&quot;aperture&quot;:&quot;0&quot;,&quot;credit&quot;:&quot;&quot;,&quot;camera&quot;:&quot;&quot;,&quot;caption&quot;:&quot;&quot;,&quot;created_timestamp&quot;:&quot;0&quot;,&quot;copyright&quot;:&quot;&quot;,&quot;focal_length&quot;:&quot;0&quot;,&quot;iso&quot;:&quot;0&quot;,&quot;shutter_speed&quot;:&quot;0&quot;,&quot;title&quot;:&quot;&quot;,&quot;orientation&quot;:&quot;0&quot;,&quot;info&quot;:&quot;&quot;}\" data-image-title=\"12 Brueggler Schweiz 2019 Web\" data-image-description=\"\" data-medium-file=\"https:\/\/danischreiner.de\/wp-content\/uploads\/2019\/06\/12-Brueggler-Schweiz-2019-Web-300x200.jpg\" data-large-file=\"https:\/\/danischreiner.de\/wp-content\/uploads\/2019\/06\/12-Brueggler-Schweiz-2019-Web-1024x683.jpg\" src=\"https:\/\/danischreiner.de\/wp-content\/uploads\/2019\/06\/12-Brueggler-Schweiz-2019-Web.jpg\" width=\"300\" height=\"200\" align=\"left\" title=\"12 Brueggler Schweiz 2019 Web\" \/><\/a><\/div><div class=\"tiled-gallery-item tiled-gallery-item-full\"><a href=\"https:\/\/danischreiner.de\/?attachment_id=3111\"><img loading=\"lazy\" decoding=\"async\" data-attachment-id=\"3111\" data-orig-file=\"https:\/\/danischreiner.de\/wp-content\/uploads\/2019\/06\/11-Brueggler-Schweiz-2019-Web.jpg\" data-orig-size=\"1920,1280\" data-comments-opened=\"1\" data-image-meta=\"{&quot;aperture&quot;:&quot;0&quot;,&quot;credit&quot;:&quot;&quot;,&quot;camera&quot;:&quot;&quot;,&quot;caption&quot;:&quot;&quot;,&quot;created_timestamp&quot;:&quot;0&quot;,&quot;copyright&quot;:&quot;&quot;,&quot;focal_length&quot;:&quot;0&quot;,&quot;iso&quot;:&quot;0&quot;,&quot;shutter_speed&quot;:&quot;0&quot;,&quot;title&quot;:&quot;&quot;,&quot;orientation&quot;:&quot;0&quot;,&quot;info&quot;:&quot;&quot;}\" data-image-title=\"11 Brueggler Schweiz 2019 Web\" data-image-description=\"\" data-medium-file=\"https:\/\/danischreiner.de\/wp-content\/uploads\/2019\/06\/11-Brueggler-Schweiz-2019-Web-300x200.jpg\" data-large-file=\"https:\/\/danischreiner.de\/wp-content\/uploads\/2019\/06\/11-Brueggler-Schweiz-2019-Web-1024x683.jpg\" src=\"https:\/\/danischreiner.de\/wp-content\/uploads\/2019\/06\/11-Brueggler-Schweiz-2019-Web.jpg\" width=\"300\" height=\"200\" align=\"left\" title=\"11 Brueggler Schweiz 2019 Web\" \/><\/a><\/div><\/div><\/div><div class=\"gallery-row\" style=\"width: 915px; height: 201px;\"><div class=\"gallery-group images-1\" style=\"width: 305px; height: 205px;\"><div class=\"tiled-gallery-item tiled-gallery-item-full\"><a href=\"https:\/\/danischreiner.de\/?attachment_id=3110\"><img loading=\"lazy\" decoding=\"async\" data-attachment-id=\"3110\" data-orig-file=\"https:\/\/danischreiner.de\/wp-content\/uploads\/2019\/06\/10-Brueggler-Schweiz-2019-Web.jpg\" data-orig-size=\"1920,1280\" data-comments-opened=\"1\" data-image-meta=\"{&quot;aperture&quot;:&quot;0&quot;,&quot;credit&quot;:&quot;&quot;,&quot;camera&quot;:&quot;&quot;,&quot;caption&quot;:&quot;&quot;,&quot;created_timestamp&quot;:&quot;0&quot;,&quot;copyright&quot;:&quot;&quot;,&quot;focal_length&quot;:&quot;0&quot;,&quot;iso&quot;:&quot;0&quot;,&quot;shutter_speed&quot;:&quot;0&quot;,&quot;title&quot;:&quot;&quot;,&quot;orientation&quot;:&quot;0&quot;,&quot;info&quot;:&quot;&quot;}\" data-image-title=\"10 Brueggler Schweiz 2019 Web\" data-image-description=\"\" data-medium-file=\"https:\/\/danischreiner.de\/wp-content\/uploads\/2019\/06\/10-Brueggler-Schweiz-2019-Web-300x200.jpg\" data-large-file=\"https:\/\/danischreiner.de\/wp-content\/uploads\/2019\/06\/10-Brueggler-Schweiz-2019-Web-1024x683.jpg\" src=\"https:\/\/danischreiner.de\/wp-content\/uploads\/2019\/06\/10-Brueggler-Schweiz-2019-Web.jpg\" width=\"301\" height=\"201\" align=\"left\" title=\"10 Brueggler Schweiz 2019 Web\" \/><\/a><\/div><\/div><div class=\"gallery-group images-1\" style=\"width: 305px; height: 205px;\"><div class=\"tiled-gallery-item tiled-gallery-item-full\"><a href=\"https:\/\/danischreiner.de\/?attachment_id=3109\"><img loading=\"lazy\" decoding=\"async\" data-attachment-id=\"3109\" data-orig-file=\"https:\/\/danischreiner.de\/wp-content\/uploads\/2019\/06\/09-Brueggler-Schweiz-2019-Web.jpg\" data-orig-size=\"1920,1280\" data-comments-opened=\"1\" data-image-meta=\"{&quot;aperture&quot;:&quot;0&quot;,&quot;credit&quot;:&quot;&quot;,&quot;camera&quot;:&quot;&quot;,&quot;caption&quot;:&quot;&quot;,&quot;created_timestamp&quot;:&quot;0&quot;,&quot;copyright&quot;:&quot;&quot;,&quot;focal_length&quot;:&quot;0&quot;,&quot;iso&quot;:&quot;0&quot;,&quot;shutter_speed&quot;:&quot;0&quot;,&quot;title&quot;:&quot;&quot;,&quot;orientation&quot;:&quot;0&quot;,&quot;info&quot;:&quot;&quot;}\" data-image-title=\"09 Brueggler Schweiz 2019 Web\" data-image-description=\"\" data-medium-file=\"https:\/\/danischreiner.de\/wp-content\/uploads\/2019\/06\/09-Brueggler-Schweiz-2019-Web-300x200.jpg\" data-large-file=\"https:\/\/danischreiner.de\/wp-content\/uploads\/2019\/06\/09-Brueggler-Schweiz-2019-Web-1024x683.jpg\" src=\"https:\/\/danischreiner.de\/wp-content\/uploads\/2019\/06\/09-Brueggler-Schweiz-2019-Web.jpg\" width=\"301\" height=\"201\" align=\"left\" title=\"09 Brueggler Schweiz 2019 Web\" \/><\/a><\/div><\/div><div class=\"gallery-group images-1\" style=\"width: 305px; height: 205px;\"><div class=\"tiled-gallery-item tiled-gallery-item-full\"><a href=\"https:\/\/danischreiner.de\/?attachment_id=3108\"><img loading=\"lazy\" decoding=\"async\" data-attachment-id=\"3108\" data-orig-file=\"https:\/\/danischreiner.de\/wp-content\/uploads\/2019\/06\/08-Brueggler-Schweiz-2019-Web.jpg\" data-orig-size=\"1920,1280\" data-comments-opened=\"1\" data-image-meta=\"{&quot;aperture&quot;:&quot;0&quot;,&quot;credit&quot;:&quot;&quot;,&quot;camera&quot;:&quot;&quot;,&quot;caption&quot;:&quot;&quot;,&quot;created_timestamp&quot;:&quot;0&quot;,&quot;copyright&quot;:&quot;&quot;,&quot;focal_length&quot;:&quot;0&quot;,&quot;iso&quot;:&quot;0&quot;,&quot;shutter_speed&quot;:&quot;0&quot;,&quot;title&quot;:&quot;&quot;,&quot;orientation&quot;:&quot;0&quot;,&quot;info&quot;:&quot;&quot;}\" data-image-title=\"08 Brueggler Schweiz 2019 Web\" data-image-description=\"\" data-medium-file=\"https:\/\/danischreiner.de\/wp-content\/uploads\/2019\/06\/08-Brueggler-Schweiz-2019-Web-300x200.jpg\" data-large-file=\"https:\/\/danischreiner.de\/wp-content\/uploads\/2019\/06\/08-Brueggler-Schweiz-2019-Web-1024x683.jpg\" src=\"https:\/\/danischreiner.de\/wp-content\/uploads\/2019\/06\/08-Brueggler-Schweiz-2019-Web.jpg\" width=\"301\" height=\"201\" align=\"left\" title=\"08 Brueggler Schweiz 2019 Web\" \/><\/a><\/div><\/div><\/div><div class=\"gallery-row\" style=\"width: 915px; height: 419px;\"><div class=\"gallery-group images-1\" style=\"width: 632px; height: 423px;\"><div class=\"tiled-gallery-item tiled-gallery-item-full\"><a href=\"https:\/\/danischreiner.de\/?attachment_id=3107\"><img loading=\"lazy\" decoding=\"async\" data-attachment-id=\"3107\" data-orig-file=\"https:\/\/danischreiner.de\/wp-content\/uploads\/2019\/06\/07-Brueggler-Schweiz-2019-Web.jpg\" data-orig-size=\"1920,1280\" data-comments-opened=\"1\" data-image-meta=\"{&quot;aperture&quot;:&quot;0&quot;,&quot;credit&quot;:&quot;&quot;,&quot;camera&quot;:&quot;&quot;,&quot;caption&quot;:&quot;&quot;,&quot;created_timestamp&quot;:&quot;0&quot;,&quot;copyright&quot;:&quot;&quot;,&quot;focal_length&quot;:&quot;0&quot;,&quot;iso&quot;:&quot;0&quot;,&quot;shutter_speed&quot;:&quot;0&quot;,&quot;title&quot;:&quot;&quot;,&quot;orientation&quot;:&quot;0&quot;,&quot;info&quot;:&quot;&quot;}\" data-image-title=\"07 Brueggler Schweiz 2019 Web\" data-image-description=\"\" data-medium-file=\"https:\/\/danischreiner.de\/wp-content\/uploads\/2019\/06\/07-Brueggler-Schweiz-2019-Web-300x200.jpg\" data-large-file=\"https:\/\/danischreiner.de\/wp-content\/uploads\/2019\/06\/07-Brueggler-Schweiz-2019-Web-1024x683.jpg\" src=\"https:\/\/danischreiner.de\/wp-content\/uploads\/2019\/06\/07-Brueggler-Schweiz-2019-Web.jpg\" width=\"628\" height=\"419\" align=\"left\" title=\"07 Brueggler Schweiz 2019 Web\" \/><\/a><\/div><\/div><div class=\"gallery-group images-1\" style=\"width: 283px; height: 423px;\"><div class=\"tiled-gallery-item tiled-gallery-item-full\"><a href=\"https:\/\/danischreiner.de\/?attachment_id=3106\"><img loading=\"lazy\" decoding=\"async\" data-attachment-id=\"3106\" data-orig-file=\"https:\/\/danischreiner.de\/wp-content\/uploads\/2019\/06\/06-Brueggler-Schweiz-2019-Web.jpg\" data-orig-size=\"1280,1920\" data-comments-opened=\"1\" data-image-meta=\"{&quot;aperture&quot;:&quot;0&quot;,&quot;credit&quot;:&quot;&quot;,&quot;camera&quot;:&quot;&quot;,&quot;caption&quot;:&quot;&quot;,&quot;created_timestamp&quot;:&quot;0&quot;,&quot;copyright&quot;:&quot;&quot;,&quot;focal_length&quot;:&quot;0&quot;,&quot;iso&quot;:&quot;0&quot;,&quot;shutter_speed&quot;:&quot;0&quot;,&quot;title&quot;:&quot;&quot;,&quot;orientation&quot;:&quot;0&quot;,&quot;info&quot;:&quot;&quot;}\" data-image-title=\"06 Brueggler Schweiz 2019 Web\" data-image-description=\"\" data-medium-file=\"https:\/\/danischreiner.de\/wp-content\/uploads\/2019\/06\/06-Brueggler-Schweiz-2019-Web-200x300.jpg\" data-large-file=\"https:\/\/danischreiner.de\/wp-content\/uploads\/2019\/06\/06-Brueggler-Schweiz-2019-Web-683x1024.jpg\" src=\"https:\/\/danischreiner.de\/wp-content\/uploads\/2019\/06\/06-Brueggler-Schweiz-2019-Web.jpg\" width=\"279\" height=\"419\" align=\"left\" title=\"06 Brueggler Schweiz 2019 Web\" \/><\/a><\/div><\/div><\/div><div class=\"gallery-row\" style=\"width: 915px; height: 201px;\"><div class=\"gallery-group images-1\" style=\"width: 305px; height: 205px;\"><div class=\"tiled-gallery-item tiled-gallery-item-full\"><a href=\"https:\/\/danischreiner.de\/?attachment_id=3105\"><img loading=\"lazy\" decoding=\"async\" data-attachment-id=\"3105\" data-orig-file=\"https:\/\/danischreiner.de\/wp-content\/uploads\/2019\/06\/05-Brueggler-Schweiz-2019-Web.jpg\" data-orig-size=\"1920,1280\" data-comments-opened=\"1\" data-image-meta=\"{&quot;aperture&quot;:&quot;0&quot;,&quot;credit&quot;:&quot;&quot;,&quot;camera&quot;:&quot;&quot;,&quot;caption&quot;:&quot;&quot;,&quot;created_timestamp&quot;:&quot;0&quot;,&quot;copyright&quot;:&quot;&quot;,&quot;focal_length&quot;:&quot;0&quot;,&quot;iso&quot;:&quot;0&quot;,&quot;shutter_speed&quot;:&quot;0&quot;,&quot;title&quot;:&quot;&quot;,&quot;orientation&quot;:&quot;0&quot;,&quot;info&quot;:&quot;&quot;}\" data-image-title=\"05 Brueggler Schweiz 2019 Web\" data-image-description=\"\" data-medium-file=\"https:\/\/danischreiner.de\/wp-content\/uploads\/2019\/06\/05-Brueggler-Schweiz-2019-Web-300x200.jpg\" data-large-file=\"https:\/\/danischreiner.de\/wp-content\/uploads\/2019\/06\/05-Brueggler-Schweiz-2019-Web-1024x683.jpg\" src=\"https:\/\/danischreiner.de\/wp-content\/uploads\/2019\/06\/05-Brueggler-Schweiz-2019-Web.jpg\" width=\"301\" height=\"201\" align=\"left\" title=\"05 Brueggler Schweiz 2019 Web\" \/><\/a><\/div><\/div><div class=\"gallery-group images-1\" style=\"width: 305px; height: 205px;\"><div class=\"tiled-gallery-item tiled-gallery-item-full\"><a href=\"https:\/\/danischreiner.de\/?attachment_id=3104\"><img loading=\"lazy\" decoding=\"async\" data-attachment-id=\"3104\" data-orig-file=\"https:\/\/danischreiner.de\/wp-content\/uploads\/2019\/06\/04-Brueggler-Schweiz-2019-Web.jpg\" data-orig-size=\"1920,1280\" data-comments-opened=\"1\" data-image-meta=\"{&quot;aperture&quot;:&quot;0&quot;,&quot;credit&quot;:&quot;&quot;,&quot;camera&quot;:&quot;&quot;,&quot;caption&quot;:&quot;&quot;,&quot;created_timestamp&quot;:&quot;0&quot;,&quot;copyright&quot;:&quot;&quot;,&quot;focal_length&quot;:&quot;0&quot;,&quot;iso&quot;:&quot;0&quot;,&quot;shutter_speed&quot;:&quot;0&quot;,&quot;title&quot;:&quot;&quot;,&quot;orientation&quot;:&quot;0&quot;,&quot;info&quot;:&quot;&quot;}\" data-image-title=\"04 Brueggler Schweiz 2019 Web\" data-image-description=\"\" data-medium-file=\"https:\/\/danischreiner.de\/wp-content\/uploads\/2019\/06\/04-Brueggler-Schweiz-2019-Web-300x200.jpg\" data-large-file=\"https:\/\/danischreiner.de\/wp-content\/uploads\/2019\/06\/04-Brueggler-Schweiz-2019-Web-1024x683.jpg\" src=\"https:\/\/danischreiner.de\/wp-content\/uploads\/2019\/06\/04-Brueggler-Schweiz-2019-Web.jpg\" width=\"301\" height=\"201\" align=\"left\" title=\"04 Brueggler Schweiz 2019 Web\" \/><\/a><\/div><\/div><div class=\"gallery-group images-1\" style=\"width: 305px; height: 205px;\"><div class=\"tiled-gallery-item tiled-gallery-item-full\"><a href=\"https:\/\/danischreiner.de\/?attachment_id=3103\"><img loading=\"lazy\" decoding=\"async\" data-attachment-id=\"3103\" data-orig-file=\"https:\/\/danischreiner.de\/wp-content\/uploads\/2019\/06\/03-Brueggler-Schweiz-2019-Web.jpg\" data-orig-size=\"1920,1280\" data-comments-opened=\"1\" data-image-meta=\"{&quot;aperture&quot;:&quot;0&quot;,&quot;credit&quot;:&quot;&quot;,&quot;camera&quot;:&quot;&quot;,&quot;caption&quot;:&quot;&quot;,&quot;created_timestamp&quot;:&quot;0&quot;,&quot;copyright&quot;:&quot;&quot;,&quot;focal_length&quot;:&quot;0&quot;,&quot;iso&quot;:&quot;0&quot;,&quot;shutter_speed&quot;:&quot;0&quot;,&quot;title&quot;:&quot;&quot;,&quot;orientation&quot;:&quot;0&quot;,&quot;info&quot;:&quot;&quot;}\" data-image-title=\"03 Brueggler Schweiz 2019 Web\" data-image-description=\"\" data-medium-file=\"https:\/\/danischreiner.de\/wp-content\/uploads\/2019\/06\/03-Brueggler-Schweiz-2019-Web-300x200.jpg\" data-large-file=\"https:\/\/danischreiner.de\/wp-content\/uploads\/2019\/06\/03-Brueggler-Schweiz-2019-Web-1024x683.jpg\" src=\"https:\/\/danischreiner.de\/wp-content\/uploads\/2019\/06\/03-Brueggler-Schweiz-2019-Web.jpg\" width=\"301\" height=\"201\" align=\"left\" title=\"03 Brueggler Schweiz 2019 Web\" \/><\/a><\/div><\/div><\/div><div class=\"gallery-row\" style=\"width: 915px; height: 302px;\"><div class=\"gallery-group images-1\" style=\"width: 458px; height: 306px;\"><div class=\"tiled-gallery-item tiled-gallery-item-full\"><a href=\"https:\/\/danischreiner.de\/?attachment_id=3102\"><img loading=\"lazy\" decoding=\"async\" data-attachment-id=\"3102\" data-orig-file=\"https:\/\/danischreiner.de\/wp-content\/uploads\/2019\/06\/02-Brueggler-Schweiz-2019-Web.jpg\" data-orig-size=\"1920,1280\" data-comments-opened=\"1\" data-image-meta=\"{&quot;aperture&quot;:&quot;0&quot;,&quot;credit&quot;:&quot;&quot;,&quot;camera&quot;:&quot;&quot;,&quot;caption&quot;:&quot;&quot;,&quot;created_timestamp&quot;:&quot;0&quot;,&quot;copyright&quot;:&quot;&quot;,&quot;focal_length&quot;:&quot;0&quot;,&quot;iso&quot;:&quot;0&quot;,&quot;shutter_speed&quot;:&quot;0&quot;,&quot;title&quot;:&quot;&quot;,&quot;orientation&quot;:&quot;0&quot;,&quot;info&quot;:&quot;&quot;}\" data-image-title=\"02 Brueggler Schweiz 2019 Web\" data-image-description=\"\" data-medium-file=\"https:\/\/danischreiner.de\/wp-content\/uploads\/2019\/06\/02-Brueggler-Schweiz-2019-Web-300x200.jpg\" data-large-file=\"https:\/\/danischreiner.de\/wp-content\/uploads\/2019\/06\/02-Brueggler-Schweiz-2019-Web-1024x683.jpg\" src=\"https:\/\/danischreiner.de\/wp-content\/uploads\/2019\/06\/02-Brueggler-Schweiz-2019-Web.jpg\" width=\"454\" height=\"302\" align=\"left\" title=\"02 Brueggler Schweiz 2019 Web\" \/><\/a><\/div><\/div><div class=\"gallery-group images-1\" style=\"width: 457px; height: 306px;\"><div class=\"tiled-gallery-item tiled-gallery-item-full\"><a href=\"https:\/\/danischreiner.de\/?attachment_id=3101\"><img loading=\"lazy\" decoding=\"async\" data-attachment-id=\"3101\" data-orig-file=\"https:\/\/danischreiner.de\/wp-content\/uploads\/2019\/06\/01-Brueggler-Schweiz-2019-Web.jpg\" data-orig-size=\"1920,1280\" data-comments-opened=\"1\" data-image-meta=\"{&quot;aperture&quot;:&quot;0&quot;,&quot;credit&quot;:&quot;&quot;,&quot;camera&quot;:&quot;&quot;,&quot;caption&quot;:&quot;&quot;,&quot;created_timestamp&quot;:&quot;0&quot;,&quot;copyright&quot;:&quot;&quot;,&quot;focal_length&quot;:&quot;0&quot;,&quot;iso&quot;:&quot;0&quot;,&quot;shutter_speed&quot;:&quot;0&quot;,&quot;title&quot;:&quot;&quot;,&quot;orientation&quot;:&quot;0&quot;,&quot;info&quot;:&quot;&quot;}\" data-image-title=\"\" data-image-description=\"\" data-medium-file=\"https:\/\/danischreiner.de\/wp-content\/uploads\/2019\/06\/01-Brueggler-Schweiz-2019-Web-300x200.jpg\" data-large-file=\"https:\/\/danischreiner.de\/wp-content\/uploads\/2019\/06\/01-Brueggler-Schweiz-2019-Web-1024x683.jpg\" src=\"https:\/\/danischreiner.de\/wp-content\/uploads\/2019\/06\/01-Brueggler-Schweiz-2019-Web.jpg\" width=\"453\" height=\"302\" align=\"left\" title=\"\" \/><\/a><\/div><\/div><\/div><\/div>\n","protected":false},"excerpt":{"rendered":"<p>Gr\u00fcezi mol elle zamma, an Pfingsten stand ein l\u00e4ngst \u00fcberf\u00e4lliges get together mit meinem Compadre Ralph und seinem Sohnemann (keepclimbing.de) an. Nach einem relaxten Tag mit Bier, Alpenpanorama und gegrilltem,<\/p>\n<p class=\"more-link\"><a href=\"https:\/\/danischreiner.de\/?p=3099\" class=\"readmore\">Continue reading&#8230;<span class=\"screen-reader-text\">Brueggler 2019 &#8211; Alpine Luft zu Pfingsten<\/span><\/a><\/p>\n","protected":false},"author":1,"featured_media":3104,"comment_status":"open","ping_status":"open","sticky":false,"template":"","format":"standard","meta":{"footnotes":""},"categories":[1,48,8],"tags":[364,374,123,139,372,112,369,121,184,371,373,370],"class_list":["post-3099","post","type-post","status-publish","format-standard","has-post-thumbnail","hentry","category-allgemein","category-bergsteigen","category-outdoor","tag-364","tag-6b","tag-alpin","tag-brueggler","tag-ju","tag-klettern","tag-regen","tag-schweiz","tag-sonne","tag-tante","tag-tante-ju","tag-wetter"],"_links":{"self":[{"href":"https:\/\/danischreiner.de\/index.php?rest_route=\/wp\/v2\/posts\/3099","targetHints":{"allow":["GET"]}}],"collection":[{"href":"https:\/\/danischreiner.de\/index.php?rest_route=\/wp\/v2\/posts"}],"about":[{"href":"https:\/\/danischreiner.de\/index.php?rest_route=\/wp\/v2\/types\/post"}],"author":[{"embeddable":true,"href":"https:\/\/danischreiner.de\/index.php?rest_route=\/wp\/v2\/users\/1"}],"replies":[{"embeddable":true,"href":"https:\/\/danischreiner.de\/index.php?rest_route=%2Fwp%2Fv2%2Fcomments&post=3099"}],"version-history":[{"count":6,"href":"https:\/\/danischreiner.de\/index.php?rest_route=\/wp\/v2\/posts\/3099\/revisions"}],"predecessor-version":[{"id":3382,"href":"https:\/\/danischreiner.de\/index.php?rest_route=\/wp\/v2\/posts\/3099\/revisions\/3382"}],"wp:featuredmedia":[{"embeddable":true,"href":"https:\/\/danischreiner.de\/index.php?rest_route=\/wp\/v2\/media\/3104"}],"wp:attachment":[{"href":"https:\/\/danischreiner.de\/index.php?rest_route=%2Fwp%2Fv2%2Fmedia&parent=3099"}],"wp:term":[{"taxonomy":"category","embeddable":true,"href":"https:\/\/danischreiner.de\/index.php?rest_route=%2Fwp%2Fv2%2Fcategories&post=3099"},{"taxonomy":"post_tag","embeddable":true,"href":"https:\/\/danischreiner.de\/index.php?rest_route=%2Fwp%2Fv2%2Ftags&post=3099"}],"curies":[{"name":"wp","href":"https:\/\/api.w.org\/{rel}","templated":true}]}}